{"id":992,"date":"2015-11-05T17:35:45","date_gmt":"2015-11-05T17:35:45","guid":{"rendered":"http:\/\/gradocau.umh.es\/?p=992"},"modified":"2016-03-05T17:25:00","modified_gmt":"2016-03-05T17:25:00","slug":"ii-sesion-cicap-talleres","status":"publish","type":"post","link":"https:\/\/gradocau.umh.es\/en\/2015\/11\/05\/ii-sesion-cicap-talleres\/","title":{"rendered":"II SESI\u00d3N CICAP 2015 5 NOVIEMBRE: TALLERES"},"content":{"rendered":"<p><a href=\"http:\/\/gradocau.umh.es\/files\/2015\/11\/IMG_6048.jpg\"><img loading=\"lazy\" class=\"alignright size-medium wp-image-994\" src=\"http:\/\/gradocau.umh.es\/files\/2015\/11\/IMG_6048-300x200.jpg\" alt=\"IMG_6048\" width=\"300\" height=\"200\" srcset=\"https:\/\/gradocau.umh.es\/files\/2015\/11\/IMG_6048-300x200.jpg 300w, https:\/\/gradocau.umh.es\/files\/2015\/11\/IMG_6048-1024x683.jpg 1024w\" sizes=\"(max-width: 300px) 100vw, 300px\" \/><\/a><\/p>\n<p><strong>Taller 1 &#8220;\u00bfC\u00f3mo se escribe una serie norteamericana?&#8221; a cargo de Isabel V\u00e1zquez.<\/strong><\/p>\n<p>Licenciada en Ciencias de la Informaci\u00f3n por la Universidad Complutense\u00a0de Madrid, es presentadora, guionista, directora, profesora y cr\u00edtica de cine y series.\u00a0Ha sido guionista y subdirectora de programas en The Walt Disney Company, Mediaset y Telemadrid y\u00a0supervisora de contenidos y programaci\u00f3n para\u00a0Fox International Channels.\u00a0\u00a0Actualmente escribe y dirige\u00a0<em>Escr\u00edbeme una serie<\/em> para Movistar+.<\/p>\n<p>&nbsp;<\/p>\n<p>&nbsp;<\/p>\n<p>&nbsp;<\/p>\n<p>&nbsp;<\/p>\n<p>&nbsp;<\/p>\n<p><strong>Taller 2 &#8220;C\u00f3mo presentar un proyecto audiovisual a las productoras&#8221; por Mar\u00eda Cervera.<\/strong><\/p>\n<p><a href=\"http:\/\/gradocau.umh.es\/files\/2015\/11\/IMG_6041.jpg\"><img loading=\"lazy\" class=\"alignleft size-medium wp-image-998\" src=\"http:\/\/gradocau.umh.es\/files\/2015\/11\/IMG_6041-300x200.jpg\" alt=\"IMG_6041\" width=\"300\" height=\"200\" srcset=\"https:\/\/gradocau.umh.es\/files\/2015\/11\/IMG_6041-300x200.jpg 300w, https:\/\/gradocau.umh.es\/files\/2015\/11\/IMG_6041-1024x683.jpg 1024w\" sizes=\"(max-width: 300px) 100vw, 300px\" \/><\/a>Cervera es licenciada en Comunicaci\u00f3n Audiovisual por la universidad de Valencia y tiene un M\u00e1ster en Producci\u00f3n de Cine y Televisi\u00f3n por la UCLA, donde adem\u00e1s ha sido investigadora y profesora asistente. Actualmente, es responsable de desarrollo e internacional en la productora de cine y TV Plano a Plano. Mar\u00eda compagina esta labor con la consultor\u00eda independiente de guiones y novelas para diferentes entidades, entre las que destacan la Comisi\u00f3n Europea (Programa MEDIA\/Europa Creativa) y la editorial Penguin Random House.<\/p>\n<p>&nbsp;<\/p>\n<p>&nbsp;<\/p>\n<p>&nbsp;<\/p>\n<p>&nbsp;<\/p>\n<p>&nbsp;<\/p>\n<p>&nbsp;<\/p>\n<p><img loading=\"lazy\" class=\"alignright  wp-image-1000\" src=\"http:\/\/gradocau.umh.es\/files\/2015\/11\/IMG_60582-300x261.jpg\" alt=\"IMG_6058\" width=\"266\" height=\"231\" srcset=\"https:\/\/gradocau.umh.es\/files\/2015\/11\/IMG_60582-300x261.jpg 300w, https:\/\/gradocau.umh.es\/files\/2015\/11\/IMG_60582-1024x891.jpg 1024w\" sizes=\"(max-width: 266px) 100vw, 266px\" \/><\/p>\n<p><strong>Taller 3 &#8220;Cr\u00edtica televisiva en internet&#8221; de la mano de Alberto Rey.<\/strong><\/p>\n<p>Alberto es, entre otras muchas cosas, experto en series de televisi\u00f3n. Es colaborador habitual de El Mundo y autor<br \/>\ndesde hace ya unos cuantos a\u00f1os\u00a0 del blog \u2018Asesino en Serie\u2019 de su edici\u00f3n online. Tambi\u00e9n colabora en medios como la cadena SER, RTVE, Esquire, GQ, Onda Cero o Canal Plus y con instituciones como la Universitat Pompeu i Fabra, o la Universidad Internacional de Calatunya. Desde hace a\u00f1os es miembro del jurado del Festival de Televisi\u00f3n de Vitoria.<\/p>\n","protected":false},"excerpt":{"rendered":"<p>Taller 1 &#8220;\u00bfC\u00f3mo se escribe una serie norteamericana?&#8221; a cargo de Isabel V\u00e1zquez. Licenciada en Ciencias de la Informaci\u00f3n por la Universidad Complutense\u00a0de Madrid, es presentadora, guionista, directora, profesora y cr\u00edtica de cine y series.\u00a0Ha sido guionista y subdirectora de programas en The Walt Disney Company, Mediaset y Telemadrid y\u00a0supervisora de contenidos y programaci\u00f3n para\u00a0Fox [&hellip;]<\/p>\n","protected":false},"author":4196,"featured_media":0,"comment_status":"closed","ping_status":"open","sticky":false,"template":"","format":"standard","meta":{"_links_to":"","_links_to_target":""},"categories":[112,52],"tags":[55,42,56,57],"_links":{"self":[{"href":"https:\/\/gradocau.umh.es\/en\/wp-json\/wp\/v2\/posts\/992"}],"collection":[{"href":"https:\/\/gradocau.umh.es\/en\/wp-json\/wp\/v2\/posts"}],"about":[{"href":"https:\/\/gradocau.umh.es\/en\/wp-json\/wp\/v2\/types\/post"}],"author":[{"embeddable":true,"href":"https:\/\/gradocau.umh.es\/en\/wp-json\/wp\/v2\/users\/4196"}],"replies":[{"embeddable":true,"href":"https:\/\/gradocau.umh.es\/en\/wp-json\/wp\/v2\/comments?post=992"}],"version-history":[{"count":0,"href":"https:\/\/gradocau.umh.es\/en\/wp-json\/wp\/v2\/posts\/992\/revisions"}],"wp:attachment":[{"href":"https:\/\/gradocau.umh.es\/en\/wp-json\/wp\/v2\/media?parent=992"}],"wp:term":[{"taxonomy":"category","embeddable":true,"href":"https:\/\/gradocau.umh.es\/en\/wp-json\/wp\/v2\/categories?post=992"},{"taxonomy":"post_tag","embeddable":true,"href":"https:\/\/gradocau.umh.es\/en\/wp-json\/wp\/v2\/tags?post=992"}],"curies":[{"name":"wp","href":"https:\/\/api.w.org\/{rel}","templated":true}]}}