{"id":926,"date":"2015-10-17T12:00:04","date_gmt":"2015-10-17T12:00:04","guid":{"rendered":"http:\/\/gradocau.umh.es\/?p=926"},"modified":"2016-02-25T10:08:23","modified_gmt":"2016-02-25T10:08:23","slug":"convocatoria-alumnos-colaboradores-con-el-comite-organizador-cicap-2015","status":"publish","type":"post","link":"https:\/\/gradocau.umh.es\/en\/2015\/10\/17\/convocatoria-alumnos-colaboradores-con-el-comite-organizador-cicap-2015\/","title":{"rendered":"Convocatoria Alumnos Colaboradores con el Comit\u00e9 Organizador CICAP 2015"},"content":{"rendered":"<p>La Titulaci\u00f3n de Comunicaci\u00f3n Audiovisual y Publicidad organiza la III edici\u00f3n de CICAP que se celebrar\u00e1 los d\u00edas 4 y 5 de Noviembre de 2015. Tendr\u00e1 lugar en la Sala de Actos del edificio Quorum I del campus de Elche.<br \/>\n<strong>Se convocan nueve becas para alumnos colaboradores, que est\u00e9n matriculados en la Titulaci\u00f3n de Comunicaci\u00f3n Audiovisual en la UMH<\/strong>.<br \/>\nLos alumnos seleccionados participar\u00e1n en las tareas de cobertura, protocolo y publicaci\u00f3n y gesti\u00f3n de web y redes sociales de las jornadas, con una dedicaci\u00f3n en torno a 20 horas.<br \/>\nSe establecen tres grupos de colaboraci\u00f3n:<br \/>\n&#8211;\u00a0Cobertura: encargado de la grabaci\u00f3n y difusi\u00f3n de las sesiones.<br \/>\n&#8211;\u00a0Medios: dedicado a introducir informaci\u00f3n en la web y las redes sociales de las jornadas.<br \/>\n&#8211;\u00a0Protocolo: se ocupa de la atenci\u00f3n a los ponentes y profesores que presentan comunicaciones, adem\u00e1s del desarrollo adecuado de todas las sesiones y coloquios.<\/p>\n<p>Cada alumno colaborador recibir\u00e1:<br \/>\n&#8211; Inscripci\u00f3n gratuita al Congreso y 0,8 cr\u00e9ditos ECTS por asistencia al congreso.<br \/>\n&#8211; 1 cr\u00e9dito ECTS por su trabajo como colaborador en la organizaci\u00f3n de las jornadas.<\/p>\n<p>Los alumnos interesados deben enviar un breve CV en el que puede constar el expediente acad\u00e9mico, experiencia profesional y otros datos de inter\u00e9s al siguiente correo: <a href=\"mailto:edelcampo@umh.es\" target=\"_blank\">edelcampo@umh.es<\/a><br \/>\nAdem\u00e1s, indicando a qu\u00e9 grupo prefiere apuntarse.<br \/>\nFecha l\u00edmite: viernes 27 de octubre, 16.00 horas.<\/p>\n","protected":false},"excerpt":{"rendered":"<p>La Titulaci\u00f3n de Comunicaci\u00f3n Audiovisual y Publicidad organiza la III edici\u00f3n de CICAP que se celebrar\u00e1 los d\u00edas 4 y 5 de Noviembre de 2015. Tendr\u00e1 lugar en la Sala de Actos del edificio Quorum I del campus de Elche. Se convocan nueve becas para alumnos colaboradores, que est\u00e9n matriculados en la Titulaci\u00f3n de Comunicaci\u00f3n [&hellip;]<\/p>\n","protected":false},"author":790,"featured_media":0,"comment_status":"closed","ping_status":"open","sticky":false,"template":"","format":"standard","meta":{"_links_to":"","_links_to_target":""},"categories":[2,10],"tags":[31,42],"_links":{"self":[{"href":"https:\/\/gradocau.umh.es\/en\/wp-json\/wp\/v2\/posts\/926"}],"collection":[{"href":"https:\/\/gradocau.umh.es\/en\/wp-json\/wp\/v2\/posts"}],"about":[{"href":"https:\/\/gradocau.umh.es\/en\/wp-json\/wp\/v2\/types\/post"}],"author":[{"embeddable":true,"href":"https:\/\/gradocau.umh.es\/en\/wp-json\/wp\/v2\/users\/790"}],"replies":[{"embeddable":true,"href":"https:\/\/gradocau.umh.es\/en\/wp-json\/wp\/v2\/comments?post=926"}],"version-history":[{"count":0,"href":"https:\/\/gradocau.umh.es\/en\/wp-json\/wp\/v2\/posts\/926\/revisions"}],"wp:attachment":[{"href":"https:\/\/gradocau.umh.es\/en\/wp-json\/wp\/v2\/media?parent=926"}],"wp:term":[{"taxonomy":"category","embeddable":true,"href":"https:\/\/gradocau.umh.es\/en\/wp-json\/wp\/v2\/categories?post=926"},{"taxonomy":"post_tag","embeddable":true,"href":"https:\/\/gradocau.umh.es\/en\/wp-json\/wp\/v2\/tags?post=926"}],"curies":[{"name":"wp","href":"https:\/\/api.w.org\/{rel}","templated":true}]}}