{"id":8671,"date":"2022-09-28T07:52:26","date_gmt":"2022-09-28T07:52:26","guid":{"rendered":"https:\/\/gradocau.umh.es\/?p=8671"},"modified":"2024-03-01T11:34:00","modified_gmt":"2024-03-01T11:34:00","slug":"la-alumni-de-cau-cynthia-ferez-alarcon-gana-el-premio-tfg-a-la-investigacion-2022-del-instituto-juan-gil-albert","status":"publish","type":"post","link":"https:\/\/gradocau.umh.es\/en\/2022\/09\/28\/la-alumni-de-cau-cynthia-ferez-alarcon-gana-el-premio-tfg-a-la-investigacion-2022-del-instituto-juan-gil-albert\/","title":{"rendered":"<span lang=\"es\">(Espa\u00f1ol) La alumni de CAU Cynthia F\u00e9rez Alarc\u00f3n gana el Premio TFG a la Investigaci\u00f3n 2022 del Instituto Juan Gil Albert<\/span>"},"content":{"rendered":"<p class=\"qtranxs-available-languages-message qtranxs-available-languages-message-en\">Sorry, this entry is only available in <a href=\"https:\/\/gradocau.umh.es\/es\/wp-json\/wp\/v2\/posts\/8671\" class=\"qtranxs-available-language-link qtranxs-available-language-link-es\" title=\"Espa\u00f1ol\">European Spanish<\/a>.<\/p>","protected":false},"excerpt":{"rendered":"<p>Sorry, this entry is only available in European Spanish.<\/p>\n","protected":false},"author":1724,"featured_media":0,"comment_status":"closed","ping_status":"open","sticky":false,"template":"","format":"standard","meta":{"_links_to":"","_links_to_target":""},"categories":[272,212,185,206],"tags":[],"_links":{"self":[{"href":"https:\/\/gradocau.umh.es\/en\/wp-json\/wp\/v2\/posts\/8671"}],"collection":[{"href":"https:\/\/gradocau.umh.es\/en\/wp-json\/wp\/v2\/posts"}],"about":[{"href":"https:\/\/gradocau.umh.es\/en\/wp-json\/wp\/v2\/types\/post"}],"author":[{"embeddable":true,"href":"https:\/\/gradocau.umh.es\/en\/wp-json\/wp\/v2\/users\/1724"}],"replies":[{"embeddable":true,"href":"https:\/\/gradocau.umh.es\/en\/wp-json\/wp\/v2\/comments?post=8671"}],"version-history":[{"count":0,"href":"https:\/\/gradocau.umh.es\/en\/wp-json\/wp\/v2\/posts\/8671\/revisions"}],"wp:attachment":[{"href":"https:\/\/gradocau.umh.es\/en\/wp-json\/wp\/v2\/media?parent=8671"}],"wp:term":[{"taxonomy":"category","embeddable":true,"href":"https:\/\/gradocau.umh.es\/en\/wp-json\/wp\/v2\/categories?post=8671"},{"taxonomy":"post_tag","embeddable":true,"href":"https:\/\/gradocau.umh.es\/en\/wp-json\/wp\/v2\/tags?post=8671"}],"curies":[{"name":"wp","href":"https:\/\/api.w.org\/{rel}","templated":true}]}}