{"id":8364,"date":"2022-05-25T10:10:34","date_gmt":"2022-05-25T10:10:34","guid":{"rendered":"http:\/\/gradocau.umh.es\/?p=8364"},"modified":"2024-03-01T11:34:03","modified_gmt":"2024-03-01T11:34:03","slug":"recital-de-poesia-escenica-y-spoken-word-por-laura-sam-arde-la-palabra","status":"publish","type":"post","link":"https:\/\/gradocau.umh.es\/en\/2022\/05\/25\/recital-de-poesia-escenica-y-spoken-word-por-laura-sam-arde-la-palabra\/","title":{"rendered":"Recital de poes\u00eda esc\u00e9nica y Spoken Word por LAURA SAM: Arde la palabra"},"content":{"rendered":"<p style=\"font-weight: 400;\"><a href=\"http:\/\/gradocau.umh.es\/files\/2022\/05\/LAURA-SAM.jpeg\"><img loading=\"lazy\" class=\" size-medium wp-image-8367 alignnone\" src=\"http:\/\/gradocau.umh.es\/files\/2022\/05\/LAURA-SAM-212x300.jpeg\" alt=\"LAURA SAM\" width=\"212\" height=\"300\" srcset=\"https:\/\/gradocau.umh.es\/files\/2022\/05\/LAURA-SAM-212x300.jpeg 212w, https:\/\/gradocau.umh.es\/files\/2022\/05\/LAURA-SAM-724x1024.jpeg 724w, https:\/\/gradocau.umh.es\/files\/2022\/05\/LAURA-SAM.jpeg 842w\" sizes=\"(max-width: 212px) 100vw, 212px\" \/><\/a><\/p>\n<p style=\"font-weight: 400;\"><strong>La C\u00e1tedra Institucional de Estudios Art\u00edsticos Annetta Nicoli (UMH)\u00a0invita a estudiantado y profesorado de CAU, ma\u00f1ana jueves 26 de mayo a las 20 h, al Recital de poes\u00eda esc\u00e9nica y Spoken Word por LAURA SAM:\u00a0<em>Arde la palabra<\/em>,<em>\u00a0<\/em>que ha organizado la C\u00e1tedra con motivo de\u00a0la conmemoraci\u00f3n del 25 aniversario de la Universidad Miguel Hern\u00e1ndez de Elche.<\/strong><\/p>\n<p style=\"font-weight: 400;\">Link a La voz de los poetas en RNE3:\u00a0<a href=\"https:\/\/www.youtube.com\/watch?v=ArjflmhM79k\" target=\"_blank\" data-saferedirecturl=\"https:\/\/www.google.com\/url?q=https:\/\/www.youtube.com\/watch?v%3DArjflmhM79k&amp;source=gmail&amp;ust=1653558747300000&amp;usg=AOvVaw3j9N-QKe5fahB_6SrZb9a5\" rel=\"noopener\">https:\/\/www.youtube.com\/watch?v=ArjflmhM79k<\/a>\u00a0(abre en pesta\u00f1a nueva)<\/p>\n<p style=\"font-weight: 400;\">Entrada libre hasta completar aforo.<\/p>\n<p style=\"font-weight: 400;\">+ info en\u00a0<a href=\"http:\/\/cancan.umh.es\/\" target=\"_blank\" data-saferedirecturl=\"https:\/\/www.google.com\/url?q=http:\/\/cancan.umh.es\/&amp;source=gmail&amp;ust=1653558747300000&amp;usg=AOvVaw0_LdK7UJHxB4AlUmJ-EyFs\" rel=\"noopener\">http:\/\/cancan.umh.es<\/a>\u00a0(abre en pesta\u00f1a nueva)<\/p>\n","protected":false},"excerpt":{"rendered":"<p>La C\u00e1tedra Institucional de Estudios Art\u00edsticos Annetta Nicoli (UMH)\u00a0invita a estudiantado y profesorado de CAU, ma\u00f1ana jueves 26 de mayo a las 20 h, al Recital de poes\u00eda esc\u00e9nica y Spoken Word por LAURA SAM:\u00a0Arde la palabra,\u00a0que ha organizado la C\u00e1tedra con motivo de\u00a0la conmemoraci\u00f3n del 25 aniversario de la Universidad Miguel Hern\u00e1ndez de Elche. [&hellip;]<\/p>\n","protected":false},"author":1724,"featured_media":0,"comment_status":"closed","ping_status":"open","sticky":false,"template":"","format":"standard","meta":{"_links_to":"","_links_to_target":""},"categories":[309,224,285],"tags":[286],"_links":{"self":[{"href":"https:\/\/gradocau.umh.es\/en\/wp-json\/wp\/v2\/posts\/8364"}],"collection":[{"href":"https:\/\/gradocau.umh.es\/en\/wp-json\/wp\/v2\/posts"}],"about":[{"href":"https:\/\/gradocau.umh.es\/en\/wp-json\/wp\/v2\/types\/post"}],"author":[{"embeddable":true,"href":"https:\/\/gradocau.umh.es\/en\/wp-json\/wp\/v2\/users\/1724"}],"replies":[{"embeddable":true,"href":"https:\/\/gradocau.umh.es\/en\/wp-json\/wp\/v2\/comments?post=8364"}],"version-history":[{"count":0,"href":"https:\/\/gradocau.umh.es\/en\/wp-json\/wp\/v2\/posts\/8364\/revisions"}],"wp:attachment":[{"href":"https:\/\/gradocau.umh.es\/en\/wp-json\/wp\/v2\/media?parent=8364"}],"wp:term":[{"taxonomy":"category","embeddable":true,"href":"https:\/\/gradocau.umh.es\/en\/wp-json\/wp\/v2\/categories?post=8364"},{"taxonomy":"post_tag","embeddable":true,"href":"https:\/\/gradocau.umh.es\/en\/wp-json\/wp\/v2\/tags?post=8364"}],"curies":[{"name":"wp","href":"https:\/\/api.w.org\/{rel}","templated":true}]}}