{"id":8042,"date":"2022-03-25T11:24:07","date_gmt":"2022-03-25T11:24:07","guid":{"rendered":"http:\/\/gradocau.umh.es\/?p=8042"},"modified":"2022-03-25T11:24:07","modified_gmt":"2022-03-25T11:24:07","slug":"altea-acogera-la-nueva-edicion-de-series-nostrum-festival-internacional-de-series-del-22-al-30-de-abril","status":"publish","type":"post","link":"https:\/\/gradocau.umh.es\/en\/2022\/03\/25\/altea-acogera-la-nueva-edicion-de-series-nostrum-festival-internacional-de-series-del-22-al-30-de-abril\/","title":{"rendered":"ALTEA ACOGER\u00c1 LA NUEVA EDICI\u00d3N DE SERIES NOSTRUM, FESTIVAL INTERNACIONAL DE SERIES, DEL 22 al 30 de Abril"},"content":{"rendered":"<p><strong>La Villa de Altea actuar\u00e1 como marco incomparable para la celebraci\u00f3n de la segunda edici\u00f3n del Festival SERIES NOSTRUM del 22 al 30 de Abril, durante el que se rendir\u00e1 tributo a la figura de Cruz Delgado y se premiar\u00e1n las series &#8216;Crematorio&#8217;, &#8216;Maric\u00f3n perdido&#8217; y &#8216;HIT&#8217;.<\/strong><\/p>\n<p>La segunda edici\u00f3n del Festival Internacional SERIES NOSTRUM ha sido presentado oficialmente durante la rueda de prensa celebrada hoy en Altea, contando con la intervenci\u00f3n de su director, Carlos Jos\u00e9 Navas; la de la concejala de cultura, Aurora Serrat; y la de Pere Barber, edil de Comunicaci\u00f3n y Film Office.<\/p>\n<p>Aurora Serrat ha destacado \u201cel gran trabajo realizado por la organizaci\u00f3n del Festival\u201d y ha agradecido su esfuerzo; al tiempo que ha invitado a ciudadan\u00eda a disfrutar de SERIES NOSTRUM. Por su parte, Pere Barber ha recordado que \u201cla primera edici\u00f3n fue la del 2020 y despu\u00e9s de un par\u00f3n de un a\u00f1o a consecuencia de la pandemia del COVID-19, volvemos con m\u00e1s fuerzas que nunca con una gran programaci\u00f3n\u201d.<\/p>\n<p>Carlos Jos\u00e9 Navas ha sido el encargado de desvelar el cartel oficial de esta segunda edici\u00f3n, de revelar los premios honor\u00edficos del mismo y proporcionar un avance del programa de este Festival pionero en la Comunidad Valenciana, que abordar\u00e1 la ficci\u00f3n televisiva desde una perspectiva completa.<\/p>\n<p><a href=\"http:\/\/gradocau.umh.es\/files\/2022\/03\/SERIES-NOSTRUM.jpeg\"><img loading=\"lazy\" class=\"alignleft size-medium wp-image-8045\" src=\"http:\/\/gradocau.umh.es\/files\/2022\/03\/SERIES-NOSTRUM-169x300.jpeg\" alt=\"SERIES NOSTRUM\" width=\"169\" height=\"300\" srcset=\"https:\/\/gradocau.umh.es\/files\/2022\/03\/SERIES-NOSTRUM-169x300.jpeg 169w, https:\/\/gradocau.umh.es\/files\/2022\/03\/SERIES-NOSTRUM-576x1024.jpeg 576w, https:\/\/gradocau.umh.es\/files\/2022\/03\/SERIES-NOSTRUM.jpeg 900w\" sizes=\"(max-width: 169px) 100vw, 169px\" \/><\/a><\/p>\n","protected":false},"excerpt":{"rendered":"<p>La Villa de Altea actuar\u00e1 como marco incomparable para la celebraci\u00f3n de la segunda edici\u00f3n del Festival SERIES NOSTRUM del 22 al 30 de Abril, durante el que se rendir\u00e1 tributo a la figura de Cruz Delgado y se premiar\u00e1n las series &#8216;Crematorio&#8217;, &#8216;Maric\u00f3n perdido&#8217; y &#8216;HIT&#8217;. La segunda edici\u00f3n del Festival Internacional SERIES NOSTRUM [&hellip;]<\/p>\n","protected":false},"author":1724,"featured_media":0,"comment_status":"closed","ping_status":"open","sticky":false,"template":"","format":"standard","meta":{"_links_to":"","_links_to_target":""},"categories":[22],"tags":[288],"_links":{"self":[{"href":"https:\/\/gradocau.umh.es\/en\/wp-json\/wp\/v2\/posts\/8042"}],"collection":[{"href":"https:\/\/gradocau.umh.es\/en\/wp-json\/wp\/v2\/posts"}],"about":[{"href":"https:\/\/gradocau.umh.es\/en\/wp-json\/wp\/v2\/types\/post"}],"author":[{"embeddable":true,"href":"https:\/\/gradocau.umh.es\/en\/wp-json\/wp\/v2\/users\/1724"}],"replies":[{"embeddable":true,"href":"https:\/\/gradocau.umh.es\/en\/wp-json\/wp\/v2\/comments?post=8042"}],"version-history":[{"count":0,"href":"https:\/\/gradocau.umh.es\/en\/wp-json\/wp\/v2\/posts\/8042\/revisions"}],"wp:attachment":[{"href":"https:\/\/gradocau.umh.es\/en\/wp-json\/wp\/v2\/media?parent=8042"}],"wp:term":[{"taxonomy":"category","embeddable":true,"href":"https:\/\/gradocau.umh.es\/en\/wp-json\/wp\/v2\/categories?post=8042"},{"taxonomy":"post_tag","embeddable":true,"href":"https:\/\/gradocau.umh.es\/en\/wp-json\/wp\/v2\/tags?post=8042"}],"curies":[{"name":"wp","href":"https:\/\/api.w.org\/{rel}","templated":true}]}}