{"id":7892,"date":"2022-03-22T18:26:53","date_gmt":"2022-03-22T18:26:53","guid":{"rendered":"http:\/\/gradocau.umh.es\/?p=7892"},"modified":"2022-03-22T18:29:01","modified_gmt":"2022-03-22T18:29:01","slug":"vuelve-basicos-de-cine-en-su-5a-edicion","status":"publish","type":"post","link":"https:\/\/gradocau.umh.es\/en\/2022\/03\/22\/vuelve-basicos-de-cine-en-su-5a-edicion\/","title":{"rendered":"\u00a1Vuelve B\u00c1SICOS DE CINE en su 5\u00aa edici\u00f3n!"},"content":{"rendered":"<p><strong>El pr\u00f3ximo jueves\u00a024 de marzo, vuelve\u00a0el ciclo B\u00c1SICOS DE CINE en su 5\u00aa edici\u00f3n con la proyecci\u00f3n de la pel\u00edcula \u00abUn pez llamado Wanda\u00bb\u00a0de Charles Crichton con Jamie Lee Curtis. El evento tendr\u00e1 lugar, en dos sesiones\u00a0(12:00 y 16:00 h), en la Sala de Grados del edificio Arenals con entrada libre*:<\/strong><\/p>\n<p>* Se requiere inscripci\u00f3n en el siguiente enlace por cuestiones de aforo y trazabilidad:\u00a0<a href=\"http:\/\/universite.umh.es\/fpogestion\/aspx\/Preinscripcion\/Preinscripcion.aspx\" target=\"_blank\" rel=\"noopener noreferrer\">Inscribrirse en B\u00e1sicos de cine UMH<\/a><\/p>\n<div class=\"col\">\n<div id=\"cuerpoPostSingle\" class=\"text-cuerpo\">\n<p><strong>Marcar:<\/strong><\/p>\n<ul>\n<ul>\n<ul>\n<li>Tipo de ense\u00f1anza: ACTIVIDADES DE EXTENSI\u00d3N UNIVERSITARIA<\/li>\n<li>Ense\u00f1anza: V Edici\u00f3n Ciclo de Cine B\u00e1sico<\/li>\n<\/ul>\n<\/ul>\n<\/ul>\n<p><strong>Como durante el curso pasado en esta 5\u00aa edici\u00f3n las proyecciones se realizan en dos sesiones para que puedan participar tanto el estudiantado con clases de\u00a0tarde como los que tienen clase\u00a0por la ma\u00f1ana.<\/strong><\/p>\n<p>Esta actividad naci\u00f3 en 2017 en el seno del Grado de Comunicaci\u00f3n Audiovisual y la colaboraci\u00f3n del Vicerrectorado de Cultura. En esta edici\u00f3n la actividad se oferta tanto al Grado en Comunicaci\u00f3n Audiovisual como al Doble Grado en Comunicaci\u00f3n Audiovisual y Periodismo, con el apoyo innegable del estudiantado de estas dos titulaciones, cuya colaboraci\u00f3n es imprescindible para el buen desarrollo de las sesiones que se vienen realizando, 5 en cada curso acad\u00e9mico, donde se muestran t\u00edtulos cl\u00e1sicos de diferentes g\u00e9neros bajo un denominador com\u00fan: cine de calidad como punto de partida.<\/p>\n<p>Tras el visionado se realizar\u00e1\u00a0un peque\u00f1o coloquio en el que el estudiantado comparte las experiencias vividas y se hace hincapi\u00e9 en los detalles de gui\u00f3n, montaje, efectos, etc.<\/p>\n<p><strong>Objetivos de la actividad:\u00a0<\/strong>Con este ciclo se pretende\u00a0<strong>dar a conocer al estudiantado del grado y a la comunidad universitaria en general la posibilidad de conocer el cine cl\u00e1sico y los cl\u00e1sicos modernos<\/strong>, ese cine que nadie se debe perder porque es un cine espectacular, que convierte cualquier experiencia humana en un espect\u00e1culo narrativo audiovisual.<\/p>\n<p><strong>Reconocimiento de cr\u00e9ditos:\u00a0<\/strong>La actividad est\u00e1 reconocida con 0,6 cr\u00e9ditos por competencias transversales y profesionales a los estudiantes de t\u00edtulos de Grado tal y como establece la Normativa de reconocimiento de Competencias Transversales y Profesionales en su art\u00edculo 4.8.<\/p>\n<h5><strong>CALENDARIO DE PR\u00d3XIMAS PROYECCIONES:<\/strong><\/h5>\n<p><strong>\u00abLuz que agoniza\u00bb\u00a0<\/strong>de\u00a0George Cukor con\u00a0Ingrid Bergman<strong><br \/>\n<\/strong>jueves\u00a07 de abril a las 12:00 y 16:00h<\/p>\n<p><strong>\u00abFargo\u00bb\u00a0<\/strong>de\u00a0Joel Coen con\u00a0Frances McDormand<strong><br \/>\n<\/strong>jueves\u00a028 de abril\u00a0a las 12:00 y 16:00h<\/p>\n<p><strong>\u00abEl crep\u00fasculo de los Dioses\u00bb\u00a0<\/strong>de\u00a0Billy Wilder con\u00a0Gloria Swanson.<strong><br \/>\n<\/strong>jueves 12 de mayo\u00a0a las 12:00 y 16:00h<\/p>\n<p><strong>\u00abCarrie\u00bb\u00a0<\/strong>de\u00a0Brian De Palma con\u00a0Sissy Spacek.<strong><br \/>\n<\/strong>jueves 26 de mayo\u00a0a las 12:00 y 16:00h<\/p>\n<p><a href=\"http:\/\/gradocau.umh.es\/files\/2022\/03\/BASICOS-DE-CINE-V.jpeg\"><img loading=\"lazy\" class=\"alignleft size-medium wp-image-7895\" src=\"http:\/\/gradocau.umh.es\/files\/2022\/03\/BASICOS-DE-CINE-V-212x300.jpeg\" alt=\"BASICOS DE CINE V\" width=\"212\" height=\"300\" srcset=\"https:\/\/gradocau.umh.es\/files\/2022\/03\/BASICOS-DE-CINE-V-212x300.jpeg 212w, https:\/\/gradocau.umh.es\/files\/2022\/03\/BASICOS-DE-CINE-V-724x1024.jpeg 724w, https:\/\/gradocau.umh.es\/files\/2022\/03\/BASICOS-DE-CINE-V.jpeg 1131w\" sizes=\"(max-width: 212px) 100vw, 212px\" \/><\/a><a href=\"http:\/\/gradocau.umh.es\/files\/2022\/03\/BASICS-DE-CINEMA-V.jpeg\"><img loading=\"lazy\" class=\"alignleft size-medium wp-image-7898\" src=\"http:\/\/gradocau.umh.es\/files\/2022\/03\/BASICS-DE-CINEMA-V-212x300.jpeg\" alt=\"BASICS DE CINEMA V\" width=\"212\" height=\"300\" srcset=\"https:\/\/gradocau.umh.es\/files\/2022\/03\/BASICS-DE-CINEMA-V-212x300.jpeg 212w, https:\/\/gradocau.umh.es\/files\/2022\/03\/BASICS-DE-CINEMA-V-724x1024.jpeg 724w, https:\/\/gradocau.umh.es\/files\/2022\/03\/BASICS-DE-CINEMA-V.jpeg 1131w\" sizes=\"(max-width: 212px) 100vw, 212px\" \/><\/a><\/p>\n<\/div>\n<\/div>\n","protected":false},"excerpt":{"rendered":"<p>El pr\u00f3ximo jueves\u00a024 de marzo, vuelve\u00a0el ciclo B\u00c1SICOS DE CINE en su 5\u00aa edici\u00f3n con la proyecci\u00f3n de la pel\u00edcula \u00abUn pez llamado Wanda\u00bb\u00a0de Charles Crichton con Jamie Lee Curtis. El evento tendr\u00e1 lugar, en dos sesiones\u00a0(12:00 y 16:00 h), en la Sala de Grados del edificio Arenals con entrada libre*: * Se requiere inscripci\u00f3n [&hellip;]<\/p>\n","protected":false},"author":1724,"featured_media":0,"comment_status":"closed","ping_status":"open","sticky":false,"template":"","format":"standard","meta":{"_links_to":"","_links_to_target":""},"categories":[112,224,2,211,365,280],"tags":[265],"_links":{"self":[{"href":"https:\/\/gradocau.umh.es\/en\/wp-json\/wp\/v2\/posts\/7892"}],"collection":[{"href":"https:\/\/gradocau.umh.es\/en\/wp-json\/wp\/v2\/posts"}],"about":[{"href":"https:\/\/gradocau.umh.es\/en\/wp-json\/wp\/v2\/types\/post"}],"author":[{"embeddable":true,"href":"https:\/\/gradocau.umh.es\/en\/wp-json\/wp\/v2\/users\/1724"}],"replies":[{"embeddable":true,"href":"https:\/\/gradocau.umh.es\/en\/wp-json\/wp\/v2\/comments?post=7892"}],"version-history":[{"count":0,"href":"https:\/\/gradocau.umh.es\/en\/wp-json\/wp\/v2\/posts\/7892\/revisions"}],"wp:attachment":[{"href":"https:\/\/gradocau.umh.es\/en\/wp-json\/wp\/v2\/media?parent=7892"}],"wp:term":[{"taxonomy":"category","embeddable":true,"href":"https:\/\/gradocau.umh.es\/en\/wp-json\/wp\/v2\/categories?post=7892"},{"taxonomy":"post_tag","embeddable":true,"href":"https:\/\/gradocau.umh.es\/en\/wp-json\/wp\/v2\/tags?post=7892"}],"curies":[{"name":"wp","href":"https:\/\/api.w.org\/{rel}","templated":true}]}}