{"id":784,"date":"2015-09-24T07:50:43","date_gmt":"2015-09-24T07:50:43","guid":{"rendered":"http:\/\/gradocau.umh.es\/?p=784"},"modified":"2015-10-02T11:54:10","modified_gmt":"2015-10-02T11:54:10","slug":"28-de-septiembre-jornada-de-bienvenida-1o-cau","status":"publish","type":"post","link":"https:\/\/gradocau.umh.es\/en\/2015\/09\/24\/28-de-septiembre-jornada-de-bienvenida-1o-cau\/","title":{"rendered":"28 de septiembre, Jornada de Bienvenida (1\u00ba CAU)"},"content":{"rendered":"<p>El 28 de septiembre se llevar\u00e1 a cabo la Jornada de Bienvenida para el alumnado de 1\u00ba de CAU. Tendr\u00e1 lugar en el aula magistral 4 de 15:00-17:00 horas aproximadamente.<br \/>\nEl Vicerrectorado de Estudios explicar\u00e1 el funcionamiento de algunas unidades de la UMH y Servicios Inform\u00e1ticos repasar\u00e1 el uso de la plataforma en l\u00ednea de la UMH. A continuaci\u00f3n haremos una visita guiada por las instalaciones audiovisuales.<br \/>\nAl finalizar la sesi\u00f3n, retomar\u00e9is las clases con las asignaturas Teor\u00eda de la Comunicaci\u00f3n y Fundamentos y Organizaci\u00f3n de Empresas. <\/p>\n","protected":false},"excerpt":{"rendered":"<p>El 28 de septiembre se llevar\u00e1 a cabo la Jornada de Bienvenida para el alumnado de 1\u00ba de CAU. Tendr\u00e1 lugar en el aula magistral 4 de 15:00-17:00 horas aproximadamente. El Vicerrectorado de Estudios explicar\u00e1 el funcionamiento de algunas unidades de la UMH y Servicios Inform\u00e1ticos repasar\u00e1 el uso de la plataforma en l\u00ednea de [&hellip;]<\/p>\n","protected":false},"author":662,"featured_media":0,"comment_status":"closed","ping_status":"open","sticky":false,"template":"","format":"standard","meta":{"_links_to":"","_links_to_target":""},"categories":[2],"tags":[13],"_links":{"self":[{"href":"https:\/\/gradocau.umh.es\/en\/wp-json\/wp\/v2\/posts\/784"}],"collection":[{"href":"https:\/\/gradocau.umh.es\/en\/wp-json\/wp\/v2\/posts"}],"about":[{"href":"https:\/\/gradocau.umh.es\/en\/wp-json\/wp\/v2\/types\/post"}],"author":[{"embeddable":true,"href":"https:\/\/gradocau.umh.es\/en\/wp-json\/wp\/v2\/users\/662"}],"replies":[{"embeddable":true,"href":"https:\/\/gradocau.umh.es\/en\/wp-json\/wp\/v2\/comments?post=784"}],"version-history":[{"count":0,"href":"https:\/\/gradocau.umh.es\/en\/wp-json\/wp\/v2\/posts\/784\/revisions"}],"wp:attachment":[{"href":"https:\/\/gradocau.umh.es\/en\/wp-json\/wp\/v2\/media?parent=784"}],"wp:term":[{"taxonomy":"category","embeddable":true,"href":"https:\/\/gradocau.umh.es\/en\/wp-json\/wp\/v2\/categories?post=784"},{"taxonomy":"post_tag","embeddable":true,"href":"https:\/\/gradocau.umh.es\/en\/wp-json\/wp\/v2\/tags?post=784"}],"curies":[{"name":"wp","href":"https:\/\/api.w.org\/{rel}","templated":true}]}}