{"id":7415,"date":"2022-01-19T12:36:50","date_gmt":"2022-01-19T12:36:50","guid":{"rendered":"http:\/\/gradocau.umh.es\/?p=7415"},"modified":"2022-01-19T12:36:50","modified_gmt":"2022-01-19T12:36:50","slug":"cine-forum-de-la-pelicula-spotlight-tematica-cine-y-periodismo-a-cargo-del-periodista-antonio-parreno","status":"publish","type":"post","link":"https:\/\/gradocau.umh.es\/en\/2022\/01\/19\/cine-forum-de-la-pelicula-spotlight-tematica-cine-y-periodismo-a-cargo-del-periodista-antonio-parreno\/","title":{"rendered":"Cine f\u00f3rum de la pel\u00edcula SPOTLIGHT: tem\u00e1tica Cine y Periodismo a cargo del periodista Antonio Parre\u00f1o"},"content":{"rendered":"<div>El pr\u00f3ximo jueves 27 el periodista Antonio Parre\u00f1o, editor del Canal 24h de TVE,\u00a0 ofrecer\u00e1 una charla dentro del programa de cinef\u00f3rum &#8216;Jueves de cine&#8217; que en esta ocasi\u00f3n ser\u00e1 de la pel\u00edcula\u00a0SPOTLIGHT. La tem\u00e1tica versar\u00e1 en torno a &#8220;Cine y Periodismo&#8221;. La proyecci\u00f3n y cinef\u00f3rum est\u00e1n previstos a las 19 horas en el cine Ode\u00f3n de Elche.<\/div>\n<p>&nbsp;<\/p>\n<p><a href=\"http:\/\/gradocau.umh.es\/files\/2022\/01\/IMG-20220118-WA0000.jpg\"><img loading=\"lazy\" class=\"alignleft size-medium wp-image-7418\" src=\"http:\/\/gradocau.umh.es\/files\/2022\/01\/IMG-20220118-WA0000-300x225.jpg\" alt=\"IMG-20220118-WA0000\" width=\"300\" height=\"225\" srcset=\"https:\/\/gradocau.umh.es\/files\/2022\/01\/IMG-20220118-WA0000-300x225.jpg 300w, https:\/\/gradocau.umh.es\/files\/2022\/01\/IMG-20220118-WA0000.jpg 945w\" sizes=\"(max-width: 300px) 100vw, 300px\" \/><\/a><\/p>\n","protected":false},"excerpt":{"rendered":"<p>El pr\u00f3ximo jueves 27 el periodista Antonio Parre\u00f1o, editor del Canal 24h de TVE,\u00a0 ofrecer\u00e1 una charla dentro del programa de cinef\u00f3rum &#8216;Jueves de cine&#8217; que en esta ocasi\u00f3n ser\u00e1 de la pel\u00edcula\u00a0SPOTLIGHT. La tem\u00e1tica versar\u00e1 en torno a &#8220;Cine y Periodismo&#8221;. La proyecci\u00f3n y cinef\u00f3rum est\u00e1n previstos a las 19 horas en el cine [&hellip;]<\/p>\n","protected":false},"author":1724,"featured_media":0,"comment_status":"closed","ping_status":"open","sticky":false,"template":"","format":"standard","meta":{"_links_to":"","_links_to_target":""},"categories":[211],"tags":[359],"_links":{"self":[{"href":"https:\/\/gradocau.umh.es\/en\/wp-json\/wp\/v2\/posts\/7415"}],"collection":[{"href":"https:\/\/gradocau.umh.es\/en\/wp-json\/wp\/v2\/posts"}],"about":[{"href":"https:\/\/gradocau.umh.es\/en\/wp-json\/wp\/v2\/types\/post"}],"author":[{"embeddable":true,"href":"https:\/\/gradocau.umh.es\/en\/wp-json\/wp\/v2\/users\/1724"}],"replies":[{"embeddable":true,"href":"https:\/\/gradocau.umh.es\/en\/wp-json\/wp\/v2\/comments?post=7415"}],"version-history":[{"count":0,"href":"https:\/\/gradocau.umh.es\/en\/wp-json\/wp\/v2\/posts\/7415\/revisions"}],"wp:attachment":[{"href":"https:\/\/gradocau.umh.es\/en\/wp-json\/wp\/v2\/media?parent=7415"}],"wp:term":[{"taxonomy":"category","embeddable":true,"href":"https:\/\/gradocau.umh.es\/en\/wp-json\/wp\/v2\/categories?post=7415"},{"taxonomy":"post_tag","embeddable":true,"href":"https:\/\/gradocau.umh.es\/en\/wp-json\/wp\/v2\/tags?post=7415"}],"curies":[{"name":"wp","href":"https:\/\/api.w.org\/{rel}","templated":true}]}}