{"id":6709,"date":"2021-10-04T06:20:34","date_gmt":"2021-10-04T06:20:34","guid":{"rendered":"http:\/\/gradocau.umh.es\/?p=6709"},"modified":"2021-10-04T06:25:36","modified_gmt":"2021-10-04T06:25:36","slug":"ii-seminario-trabajo-de-fin-de-grado-en-comunicacion-audiovisual","status":"publish","type":"post","link":"https:\/\/gradocau.umh.es\/en\/2021\/10\/04\/ii-seminario-trabajo-de-fin-de-grado-en-comunicacion-audiovisual\/","title":{"rendered":"II SEMINARIO TRABAJO DE FIN DE GRADO EN COMUNICACI\u00d3N AUDIOVISUAL"},"content":{"rendered":"<div class=\"col\">\n<h2 class=\"titulo-cuerpo\"><a href=\"http:\/\/gradocau.umh.es\/files\/2021\/10\/II-seminario-tfg.png\"><img loading=\"lazy\" class=\" size-medium wp-image-6712 alignnone\" src=\"http:\/\/gradocau.umh.es\/files\/2021\/10\/II-seminario-tfg-300x202.png\" alt=\"II seminario tfg\" width=\"300\" height=\"202\" srcset=\"https:\/\/gradocau.umh.es\/files\/2021\/10\/II-seminario-tfg-300x202.png 300w, https:\/\/gradocau.umh.es\/files\/2021\/10\/II-seminario-tfg.png 1004w\" sizes=\"(max-width: 300px) 100vw, 300px\" \/><\/a><\/h2>\n<\/div>\n<div class=\"col\">\n<div id=\"cuerpoPostSingle\" class=\"text-cuerpo\">\n<p><strong>El seminario<\/strong>, que\u00a0<strong>comenzar\u00e1 el\u00a011 de octubre<\/strong>, tiene como\u00a0<strong>objetivo principal abordar aquellos aspectos clave con los que el estudiantado debe estar familiarizado a la hora de emprender el Trabajo de Fin de Grado en el Grado en Comunicaci\u00f3n Audiovisual<\/strong>.\u00a0El seminario se articula en 3 m\u00f3dulos impartidos por el profesorado y los tutores y las tutoras de TFG de la titulaciones y est\u00e1 coordinado por la Vicedecana del Grado en Comunicaci\u00f3n Audiovisual y el Vicedecano del Grado en Periodismo.<\/p>\n<p>En el <strong>primer m\u00f3dulo es com\u00fan<\/strong> y aborda de forma detallada los aspectos clave del TFG, los fundamentos te\u00f3ricos y metodol\u00f3gicos de la investigaci\u00f3n, el lenguaje y la estructura adecuada a la hora de escribir una memoria de investigaci\u00f3n, la citaci\u00f3n y preparaci\u00f3n de la bibliograf\u00eda, se facilitan los aspectos clave de la defensa y de la sesi\u00f3n evaluativa del TFG, los aspectos formales y ortotipogr\u00e1ficos de un texto y se presentan diversas convocatorias de premios a los que un TFG puede optar.<\/p>\n<p>El <strong>segundo m\u00f3dulo A<\/strong> se orienta espec\u00edficamente a los <strong>TFGs del Grado en Periodismo<\/strong> y el <strong>segundo m\u00f3dulo B a los TFGs del Grado en Comunicaci\u00f3n Audiovisual<\/strong>. En estos m\u00f3dulos se presentan las diferentes modalidades de TFG de cada titulaci\u00f3n y sus caracter\u00edsticas.<\/p>\n<h3>ASISTENCIA Y MEDIDAS COVID<\/h3>\n<p>Es necesario inscribirse mediante el formulario de inscripci\u00f3n para poder asistir al seminario. Se pasar\u00e1 lista en todas las sesiones del seminario y una vez comenzada la sesi\u00f3n no se podr\u00e1 acceder al aula.<\/p>\n<p>El estudiantado deber\u00e1 seguir las medidas COVID de la UMH vigentes durante el calendario de impartici\u00f3n del seminario. Entrar\u00e1 de forma ordenada por las puertas de acceso se\u00f1alizadas en el aula te\u00f3rica a la hora de inicio, deber\u00e1 llevar puesta la mascarilla y hacer uso del gel hidroalcoh\u00f3lico dispuesto en el pasillo.<\/p>\n<p><b>Fechas: Del\u00a011 de octubre al 29 de noviembre de 2021<br \/>\nLugar de celebraci\u00f3n:\u00a0Aula te\u00f3rica 0.2 Edificio Altabix, Campus de Elche, UMH<br \/>\n<\/b>Duraci\u00f3n del M\u00f3dulo I (com\u00fan) &#8211; 12,5 horas<br \/>\nDuraci\u00f3n del M\u00f3dulo 2A (Periodismo) &#8211; 4 horas<br \/>\nDuraci\u00f3n del M\u00f3dulo 2B (Comunicaci\u00f3n Audiovisual) &#8211; 4 horas<b><br \/>\n<\/b><\/p>\n<p><strong>Las inscripciones se realizar\u00e1n a trav\u00e9s del siguiente formulario siguiendo un riguroso orden de inscripci\u00f3n hasta completar el aforo:\u00a0<\/strong>\u00a0<a href=\"https:\/\/forms.gle\/cMN8CCsfi3pvZ1AL8\" target=\"_blank\">https:\/\/forms.gle\/cMN8CCsfi3pvZ1AL8<\/a>\u00a0(abre en pesta\u00f1a nueva)<\/p>\n<p>M\u00e1s informaci\u00f3n en el siguiente PDF:\u00a0<a href=\"http:\/\/gradocau.umh.es\/files\/2021\/10\/programa_-II-seminario-TFG_CAU-PER_2021-22.pdf\" target=\"_blank\">programa_ II seminario TFG_CAU-PER_2021-22<\/a>\u00a0(PDF)\u00a0(abre en pesta\u00f1a nueva)<\/p>\n<\/div>\n<\/div>\n","protected":false},"excerpt":{"rendered":"<p>El seminario, que\u00a0comenzar\u00e1 el\u00a011 de octubre, tiene como\u00a0objetivo principal abordar aquellos aspectos clave con los que el estudiantado debe estar familiarizado a la hora de emprender el Trabajo de Fin de Grado en el Grado en Comunicaci\u00f3n Audiovisual.\u00a0El seminario se articula en 3 m\u00f3dulos impartidos por el profesorado y los tutores y las tutoras de [&hellip;]<\/p>\n","protected":false},"author":1724,"featured_media":0,"comment_status":"closed","ping_status":"open","sticky":false,"template":"","format":"standard","meta":{"_links_to":"","_links_to_target":""},"categories":[112,2,206],"tags":[],"_links":{"self":[{"href":"https:\/\/gradocau.umh.es\/en\/wp-json\/wp\/v2\/posts\/6709"}],"collection":[{"href":"https:\/\/gradocau.umh.es\/en\/wp-json\/wp\/v2\/posts"}],"about":[{"href":"https:\/\/gradocau.umh.es\/en\/wp-json\/wp\/v2\/types\/post"}],"author":[{"embeddable":true,"href":"https:\/\/gradocau.umh.es\/en\/wp-json\/wp\/v2\/users\/1724"}],"replies":[{"embeddable":true,"href":"https:\/\/gradocau.umh.es\/en\/wp-json\/wp\/v2\/comments?post=6709"}],"version-history":[{"count":0,"href":"https:\/\/gradocau.umh.es\/en\/wp-json\/wp\/v2\/posts\/6709\/revisions"}],"wp:attachment":[{"href":"https:\/\/gradocau.umh.es\/en\/wp-json\/wp\/v2\/media?parent=6709"}],"wp:term":[{"taxonomy":"category","embeddable":true,"href":"https:\/\/gradocau.umh.es\/en\/wp-json\/wp\/v2\/categories?post=6709"},{"taxonomy":"post_tag","embeddable":true,"href":"https:\/\/gradocau.umh.es\/en\/wp-json\/wp\/v2\/tags?post=6709"}],"curies":[{"name":"wp","href":"https:\/\/api.w.org\/{rel}","templated":true}]}}