{"id":5968,"date":"2021-04-20T18:23:04","date_gmt":"2021-04-20T18:23:04","guid":{"rendered":"http:\/\/gradocau.umh.es\/?p=5968"},"modified":"2021-04-20T18:27:07","modified_gmt":"2021-04-20T18:27:07","slug":"charla-informativa-sobre-tfg","status":"publish","type":"post","link":"https:\/\/gradocau.umh.es\/en\/2021\/04\/20\/charla-informativa-sobre-tfg\/","title":{"rendered":"CHARLA INFORMATIVA SOBRE TFG"},"content":{"rendered":"<p><strong>Os informamos que se va a realizar una charla informativa sobre el Trabajo de Fin de Grado especialmente dirigida al estudiantado de CAU de tercer curso y para el estudiantado de cuarto que as\u00ed lo desee. La sesi\u00f3n tendr\u00e1 lugar el viernes 23 de Abril en el Aula\u00a00.2 de Altabix de 14:30-15:30 horas.<\/strong><\/p>\n<p>Tambi\u00e9n mediante videollamada en el siguiente enlace:\u00a0\u00a0<a href=\"https:\/\/meet.google.com\/dxq-yjxp-dmz\" target=\"_blank\" data-saferedirecturl=\"https:\/\/www.google.com\/url?q=https:\/\/meet.google.com\/dxq-yjxp-dmz&amp;source=gmail&amp;ust=1619029026103000&amp;usg=AFQjCNGWWTk7QkD3u7xAqVB4CKm6AnT62w\">https:\/\/meet.google.<wbr \/>com\/dxq-yjxp-dmz<\/a><\/p>\n<p><a href=\"http:\/\/gradocau.umh.es\/files\/2020\/09\/LOGO-INSTAGRAM-CAU2.jpg\"><img loading=\"lazy\" class=\"alignleft size-medium wp-image-5305\" src=\"http:\/\/gradocau.umh.es\/files\/2020\/09\/LOGO-INSTAGRAM-CAU2-300x300.jpg\" alt=\"logo CAU UMH\" width=\"300\" height=\"300\" srcset=\"https:\/\/gradocau.umh.es\/files\/2020\/09\/LOGO-INSTAGRAM-CAU2-300x300.jpg 300w, https:\/\/gradocau.umh.es\/files\/2020\/09\/LOGO-INSTAGRAM-CAU2-150x150.jpg 150w, https:\/\/gradocau.umh.es\/files\/2020\/09\/LOGO-INSTAGRAM-CAU2.jpg 378w\" sizes=\"(max-width: 300px) 100vw, 300px\" \/><\/a><\/p>\n","protected":false},"excerpt":{"rendered":"<p>Os informamos que se va a realizar una charla informativa sobre el Trabajo de Fin de Grado especialmente dirigida al estudiantado de CAU de tercer curso y para el estudiantado de cuarto que as\u00ed lo desee. La sesi\u00f3n tendr\u00e1 lugar el viernes 23 de Abril en el Aula\u00a00.2 de Altabix de 14:30-15:30 horas. Tambi\u00e9n mediante [&hellip;]<\/p>\n","protected":false},"author":1724,"featured_media":0,"comment_status":"closed","ping_status":"open","sticky":false,"template":"","format":"standard","meta":{"_links_to":"","_links_to_target":""},"categories":[2,235,280,206],"tags":[],"_links":{"self":[{"href":"https:\/\/gradocau.umh.es\/en\/wp-json\/wp\/v2\/posts\/5968"}],"collection":[{"href":"https:\/\/gradocau.umh.es\/en\/wp-json\/wp\/v2\/posts"}],"about":[{"href":"https:\/\/gradocau.umh.es\/en\/wp-json\/wp\/v2\/types\/post"}],"author":[{"embeddable":true,"href":"https:\/\/gradocau.umh.es\/en\/wp-json\/wp\/v2\/users\/1724"}],"replies":[{"embeddable":true,"href":"https:\/\/gradocau.umh.es\/en\/wp-json\/wp\/v2\/comments?post=5968"}],"version-history":[{"count":0,"href":"https:\/\/gradocau.umh.es\/en\/wp-json\/wp\/v2\/posts\/5968\/revisions"}],"wp:attachment":[{"href":"https:\/\/gradocau.umh.es\/en\/wp-json\/wp\/v2\/media?parent=5968"}],"wp:term":[{"taxonomy":"category","embeddable":true,"href":"https:\/\/gradocau.umh.es\/en\/wp-json\/wp\/v2\/categories?post=5968"},{"taxonomy":"post_tag","embeddable":true,"href":"https:\/\/gradocau.umh.es\/en\/wp-json\/wp\/v2\/tags?post=5968"}],"curies":[{"name":"wp","href":"https:\/\/api.w.org\/{rel}","templated":true}]}}