{"id":5929,"date":"2021-04-06T05:31:47","date_gmt":"2021-04-06T05:31:47","guid":{"rendered":"http:\/\/gradocau.umh.es\/?p=5929"},"modified":"2021-04-06T05:31:47","modified_gmt":"2021-04-06T05:31:47","slug":"vuelve-basicos-de-cine-en-su-4a-edicion","status":"publish","type":"post","link":"https:\/\/gradocau.umh.es\/en\/2021\/04\/06\/vuelve-basicos-de-cine-en-su-4a-edicion\/","title":{"rendered":"\u00a1Vuelve B\u00c1SICOS DE CINE en su 4\u00aa edici\u00f3n!"},"content":{"rendered":"<p><strong>Los\u00a0pr\u00f3ximos d\u00edas 21 y 22 de\u00a0abril\u00a0vuelve\u00a0el ciclo B\u00c1SICOS DE CINE en su 4\u00aa edici\u00f3n con la proyecci\u00f3n de la pel\u00edcula &#8220;Thelma &amp; Louise&#8221;\u00a0de Ridley Scott. El evento tendr\u00e1 lugar, en dos sesiones, en la Sala de Grados del edificio Arenals con entrada libre*:<\/strong><\/p>\n<ul>\n<li>21 de abril: 16:30 h<\/li>\n<li>22 de abril: 12:00 h<\/li>\n<\/ul>\n<p>* Se requiere inscripci\u00f3n en el siguiente enlace por cuestiones de aforo y trazabilidad:\u00a0<a href=\"https:\/\/umh.es\/contenido\/Universidad\/:tit_fpo_12182\/datos_es.html?marcaTxtBusc=cinema\" target=\"_blank\" rel=\"noopener noreferrer\">Inscribrirse en B\u00e1sicos de cine UMH<\/a><\/p>\n<p><strong>Marcar:<\/strong><\/p>\n<ul>\n<li>Tipo de ense\u00f1anza: ACTIVIDADES DE EXTENSI\u00d3N UNIVERSITARIA<\/li>\n<li>Ense\u00f1anza: IV Edici\u00f3n Ciclo de Cine B\u00e1sico<\/li>\n<\/ul>\n<p>&nbsp;<\/p>\n<p><strong>Como novedad, en esta 4\u00aa edici\u00f3n las proyecciones se realizan en dos sesiones para que puedan participar tanto el estudiantado con clases de\u00a0tarde como los que tienen clase\u00a0por la ma\u00f1ana.<\/strong><\/p>\n<p>Esta actividad naci\u00f3 en 2017 en el seno del Grado de Comunicaci\u00f3n Audiovisual y la colaboraci\u00f3n del Vicerrectorado de Cultura. En esta edici\u00f3n la actividad se oferta tanto al Grado en Comunicaci\u00f3n Audiovisual como al Doble Grado en Comunicaci\u00f3n Audiovisual y Periodismo, con el apoyo innegable del estudiantado de estas dos titulaciones, cuya colaboraci\u00f3n es imprescindible para el buen desarrollo de las sesiones que se vienen realizando, 5 en cada curso acad\u00e9mico, donde se muestran t\u00edtulos cl\u00e1sicos de diferentes g\u00e9neros bajo un denominador com\u00fan: cine de calidad como punto de partida.<\/p>\n<p>Tras el visionado se realizar\u00e1\u00a0un peque\u00f1o coloquio en el que el estudiantado comparte las experiencias vividas y se hace hincapi\u00e9 en los detalles de gui\u00f3n, montaje, efectos, etc.<\/p>\n<p><strong>Objetivos de la actividad:\u00a0<\/strong>Con este ciclo se pretende\u00a0<strong>dar a conocer al estudiantado del grado y a la comunidad universitaria en general la posibilidad de conocer el cine cl\u00e1sico y los cl\u00e1sicos modernos<\/strong>, ese cine que nadie se debe perder porque es un cine espectacular, que convierte cualquier experiencia humana en un espect\u00e1culo narrativo audiovisual.<\/p>\n<p><strong>Reconocimiento de cr\u00e9ditos:\u00a0<\/strong>La actividad est\u00e1 reconocida con 0,6 cr\u00e9ditos por competencias transversales y profesionales a los estudiantes de t\u00edtulos de Grado tal y como establece la Normativa de reconocimiento de Competencias Transversales y Profesionales en su art\u00edculo 4.8.<\/p>\n<h5><strong>CALENDARIO DE PR\u00d3XIMAS PROYECCIONES:<\/strong><\/h5>\n<p><strong>&#8220;Psicosis&#8221;\u00a0<\/strong>de Alfred Hitchcock<strong><br \/>\n<\/strong>mi\u00e9rcoles 28 de abril a las 16:30h<br \/>\njueves 29 de abril a las 12:00h<\/p>\n<p><strong>&#8220;Lost in translation&#8221;\u00a0<\/strong>de Sofia Coppola<strong><br \/>\n<\/strong>mi\u00e9rcoles 5 de mayo a las 16:30h<br \/>\njueves 6 de mayo a las 12:00h<\/p>\n<p><strong>&#8220;Boys don\u2019t cry&#8221;\u00a0<\/strong>de Kimberly Pierce<strong><br \/>\n<\/strong>mi\u00e9rcoles 12 de mayo a las 16:30h<br \/>\njueves 13 de mayo a las 12:00h<\/p>\n<p><strong>&#8220;Te doy mis ojos&#8221;\u00a0<\/strong>de Ic\u00edar Bolla\u00edn<strong><br \/>\n<\/strong>mi\u00e9rcoles 19 de mayo a las 16:30h<br \/>\njueves 20 de mayo a las 12:00h<\/p>\n<p><a href=\"http:\/\/gradocau.umh.es\/files\/2021\/04\/basicos-de-cine-2021.jpeg\" target=\"_blank\"><img loading=\"lazy\" class=\"alignleft wp-image-5930\" src=\"http:\/\/gradocau.umh.es\/files\/2021\/04\/basicos-de-cine-2021-212x300.jpeg\" alt=\"basicos de cine 2021\" width=\"314\" height=\"444\" srcset=\"https:\/\/gradocau.umh.es\/files\/2021\/04\/basicos-de-cine-2021-212x300.jpeg 212w, https:\/\/gradocau.umh.es\/files\/2021\/04\/basicos-de-cine-2021-724x1024.jpeg 724w, https:\/\/gradocau.umh.es\/files\/2021\/04\/basicos-de-cine-2021.jpeg 1131w\" sizes=\"(max-width: 314px) 100vw, 314px\" \/><\/a><\/p>\n","protected":false},"excerpt":{"rendered":"<p>Los\u00a0pr\u00f3ximos d\u00edas 21 y 22 de\u00a0abril\u00a0vuelve\u00a0el ciclo B\u00c1SICOS DE CINE en su 4\u00aa edici\u00f3n con la proyecci\u00f3n de la pel\u00edcula &#8220;Thelma &amp; Louise&#8221;\u00a0de Ridley Scott. El evento tendr\u00e1 lugar, en dos sesiones, en la Sala de Grados del edificio Arenals con entrada libre*: 21 de abril: 16:30 h 22 de abril: 12:00 h * Se [&hellip;]<\/p>\n","protected":false},"author":1724,"featured_media":0,"comment_status":"closed","ping_status":"open","sticky":false,"template":"","format":"standard","meta":{"_links_to":"","_links_to_target":""},"categories":[112,224,2,211,280],"tags":[265],"_links":{"self":[{"href":"https:\/\/gradocau.umh.es\/en\/wp-json\/wp\/v2\/posts\/5929"}],"collection":[{"href":"https:\/\/gradocau.umh.es\/en\/wp-json\/wp\/v2\/posts"}],"about":[{"href":"https:\/\/gradocau.umh.es\/en\/wp-json\/wp\/v2\/types\/post"}],"author":[{"embeddable":true,"href":"https:\/\/gradocau.umh.es\/en\/wp-json\/wp\/v2\/users\/1724"}],"replies":[{"embeddable":true,"href":"https:\/\/gradocau.umh.es\/en\/wp-json\/wp\/v2\/comments?post=5929"}],"version-history":[{"count":0,"href":"https:\/\/gradocau.umh.es\/en\/wp-json\/wp\/v2\/posts\/5929\/revisions"}],"wp:attachment":[{"href":"https:\/\/gradocau.umh.es\/en\/wp-json\/wp\/v2\/media?parent=5929"}],"wp:term":[{"taxonomy":"category","embeddable":true,"href":"https:\/\/gradocau.umh.es\/en\/wp-json\/wp\/v2\/categories?post=5929"},{"taxonomy":"post_tag","embeddable":true,"href":"https:\/\/gradocau.umh.es\/en\/wp-json\/wp\/v2\/tags?post=5929"}],"curies":[{"name":"wp","href":"https:\/\/api.w.org\/{rel}","templated":true}]}}