{"id":583,"date":"2015-02-08T15:33:22","date_gmt":"2015-02-08T15:33:22","guid":{"rendered":"http:\/\/gradocau.umh.es\/?p=583"},"modified":"2016-03-06T10:16:35","modified_gmt":"2016-03-06T10:16:35","slug":"taller-de-cine-sobre-las-peliculas-y-profesionales-ganadores-de-los-goya-y-oscar-2015","status":"publish","type":"post","link":"https:\/\/gradocau.umh.es\/en\/2015\/02\/08\/taller-de-cine-sobre-las-peliculas-y-profesionales-ganadores-de-los-goya-y-oscar-2015\/","title":{"rendered":"Taller de Cine sobre las pel\u00edculas y profesionales ganadores de los Goya y \u00d3scar 2015"},"content":{"rendered":"<p>El jueves <strong>26 de febrero de 11:00 a 14:00h<\/strong> en el aula 1.2 del edificio Altabix tendr\u00e1 lugar una actividad gratuita y exclusiva para alumnos de Comunicaci\u00f3n Audiovisual. El profesor Antonio Sempere realizar\u00e1 comentarios sobre las pel\u00edculas galardonadas con el Goya 2015 y el \u00d3scar 2015 junto a alumnos de dicha titulaci\u00f3n. Est\u00e1is todos invitados.<\/p>\n<p>&nbsp;<\/p>\n<p>Saludos.<\/p>\n<p>&nbsp;<\/p>\n","protected":false},"excerpt":{"rendered":"<p>El jueves 26 de febrero de 11:00 a 14:00h en el aula 1.2 del edificio Altabix tendr\u00e1 lugar una actividad gratuita y exclusiva para alumnos de Comunicaci\u00f3n Audiovisual. El profesor Antonio Sempere realizar\u00e1 comentarios sobre las pel\u00edculas galardonadas con el Goya 2015 y el \u00d3scar 2015 junto a alumnos de dicha titulaci\u00f3n. Est\u00e1is todos invitados. [&hellip;]<\/p>\n","protected":false},"author":300,"featured_media":0,"comment_status":"closed","ping_status":"open","sticky":false,"template":"","format":"standard","meta":{"_links_to":"","_links_to_target":""},"categories":[112,2,52],"tags":[44,11],"_links":{"self":[{"href":"https:\/\/gradocau.umh.es\/en\/wp-json\/wp\/v2\/posts\/583"}],"collection":[{"href":"https:\/\/gradocau.umh.es\/en\/wp-json\/wp\/v2\/posts"}],"about":[{"href":"https:\/\/gradocau.umh.es\/en\/wp-json\/wp\/v2\/types\/post"}],"author":[{"embeddable":true,"href":"https:\/\/gradocau.umh.es\/en\/wp-json\/wp\/v2\/users\/300"}],"replies":[{"embeddable":true,"href":"https:\/\/gradocau.umh.es\/en\/wp-json\/wp\/v2\/comments?post=583"}],"version-history":[{"count":0,"href":"https:\/\/gradocau.umh.es\/en\/wp-json\/wp\/v2\/posts\/583\/revisions"}],"wp:attachment":[{"href":"https:\/\/gradocau.umh.es\/en\/wp-json\/wp\/v2\/media?parent=583"}],"wp:term":[{"taxonomy":"category","embeddable":true,"href":"https:\/\/gradocau.umh.es\/en\/wp-json\/wp\/v2\/categories?post=583"},{"taxonomy":"post_tag","embeddable":true,"href":"https:\/\/gradocau.umh.es\/en\/wp-json\/wp\/v2\/tags?post=583"}],"curies":[{"name":"wp","href":"https:\/\/api.w.org\/{rel}","templated":true}]}}