{"id":5825,"date":"2021-01-18T15:26:09","date_gmt":"2021-01-18T15:26:09","guid":{"rendered":"http:\/\/gradocau.umh.es\/?p=5825"},"modified":"2021-01-18T15:27:14","modified_gmt":"2021-01-18T15:27:14","slug":"ampliacion-de-las-medidas-de-prevencion-frente-al-contagio-por-la-covid19","status":"publish","type":"post","link":"https:\/\/gradocau.umh.es\/en\/2021\/01\/18\/ampliacion-de-las-medidas-de-prevencion-frente-al-contagio-por-la-covid19\/","title":{"rendered":"AMPLIACI\u00d3N DE LAS MEDIDAS DE PREVENCI\u00d3N FRENTE AL CONTAGIO POR LA COVID19"},"content":{"rendered":"<div class=\"col\"><strong>Dada la situaci\u00f3n de la Pandemia en las localidades del entorno de los campus de la UMH, y tras la Reuni\u00f3n del Comit\u00e9 de Seguridad y Salud del 14 de enero de 2021, se adoptan las siguientes medidas de prevenci\u00f3n adicionales a las establecidas en la Plan de Medidas Preventivas del 10 de septiembre de 2020: <a href=\"http:\/\/gradocau.umh.es\/files\/2021\/01\/AMPLIACION_MEDIDAS_PREVENTIVAS.pdf\" target=\"_blank\">AMPLIACION\u00a0MEDIDAS PREVENTIVAS<\/a><\/strong><\/div>\n<div class=\"col\"><\/div>\n<div class=\"col\">Estas medidas adicionales ser\u00e1n de aplicaci\u00f3n mientras est\u00e9n vigentes las medidas preventivas excepcionales establecidas en la resoluci\u00f3n de 5 de enero de 2021 de la Conselleria de Sanitat Universal i Salut P\u00fablica, o medidas excepcionales similares que se puedan establecer.<\/div>\n<div class=\"col\"><a href=\"http:\/\/gradocau.umh.es\/files\/2021\/01\/LOGO-UMH-2.png\"><img loading=\"lazy\" class=\"alignleft size-medium wp-image-5822\" src=\"http:\/\/gradocau.umh.es\/files\/2021\/01\/LOGO-UMH-2-300x264.png\" alt=\"LOGO UMH 2\" width=\"300\" height=\"264\" srcset=\"https:\/\/gradocau.umh.es\/files\/2021\/01\/LOGO-UMH-2-300x264.png 300w, https:\/\/gradocau.umh.es\/files\/2021\/01\/LOGO-UMH-2.png 1010w\" sizes=\"(max-width: 300px) 100vw, 300px\" \/><\/a><\/div>\n<div class=\"col\"><\/div>\n","protected":false},"excerpt":{"rendered":"<p>Dada la situaci\u00f3n de la Pandemia en las localidades del entorno de los campus de la UMH, y tras la Reuni\u00f3n del Comit\u00e9 de Seguridad y Salud del 14 de enero de 2021, se adoptan las siguientes medidas de prevenci\u00f3n adicionales a las establecidas en la Plan de Medidas Preventivas del 10 de septiembre de [&hellip;]<\/p>\n","protected":false},"author":1724,"featured_media":0,"comment_status":"closed","ping_status":"open","sticky":false,"template":"","format":"standard","meta":{"_links_to":"","_links_to_target":""},"categories":[2,270,280],"tags":[],"_links":{"self":[{"href":"https:\/\/gradocau.umh.es\/en\/wp-json\/wp\/v2\/posts\/5825"}],"collection":[{"href":"https:\/\/gradocau.umh.es\/en\/wp-json\/wp\/v2\/posts"}],"about":[{"href":"https:\/\/gradocau.umh.es\/en\/wp-json\/wp\/v2\/types\/post"}],"author":[{"embeddable":true,"href":"https:\/\/gradocau.umh.es\/en\/wp-json\/wp\/v2\/users\/1724"}],"replies":[{"embeddable":true,"href":"https:\/\/gradocau.umh.es\/en\/wp-json\/wp\/v2\/comments?post=5825"}],"version-history":[{"count":0,"href":"https:\/\/gradocau.umh.es\/en\/wp-json\/wp\/v2\/posts\/5825\/revisions"}],"wp:attachment":[{"href":"https:\/\/gradocau.umh.es\/en\/wp-json\/wp\/v2\/media?parent=5825"}],"wp:term":[{"taxonomy":"category","embeddable":true,"href":"https:\/\/gradocau.umh.es\/en\/wp-json\/wp\/v2\/categories?post=5825"},{"taxonomy":"post_tag","embeddable":true,"href":"https:\/\/gradocau.umh.es\/en\/wp-json\/wp\/v2\/tags?post=5825"}],"curies":[{"name":"wp","href":"https:\/\/api.w.org\/{rel}","templated":true}]}}