{"id":5176,"date":"2020-07-16T07:21:33","date_gmt":"2020-07-16T07:21:33","guid":{"rendered":"http:\/\/gradocau.umh.es\/?p=5176"},"modified":"2020-07-16T07:26:51","modified_gmt":"2020-07-16T07:26:51","slug":"oferta-de-practicas-en-el-programa-mireumh-para-el-curso-2020-21","status":"publish","type":"post","link":"https:\/\/gradocau.umh.es\/en\/2020\/07\/16\/oferta-de-practicas-en-el-programa-mireumh-para-el-curso-2020-21\/","title":{"rendered":"Oferta de pr\u00e1cticas en el Programa MIREUMH para el curso 2020-21"},"content":{"rendered":"<p class=\"alignnone\"><img loading=\"lazy\" class=\"  wp-image-5178 alignnone\" src=\"http:\/\/gradocau.umh.es\/files\/2020\/07\/mireumh_1.png\" alt=\"Logotipo MIREUMH\" width=\"216\" height=\"172\" srcset=\"https:\/\/gradocau.umh.es\/files\/2020\/07\/mireumh_1.png 624w, https:\/\/gradocau.umh.es\/files\/2020\/07\/mireumh_1-300x239.png 300w\" sizes=\"(max-width: 216px) 100vw, 216px\" \/><\/p>\n<p>A continuaci\u00f3n se detalla la oferta del Observatorio Ocupacional a la que pod\u00e9is acceder en vuestro perfil de estudiante:<\/p>\n<p>P-3307\/20 PROGRAMA MIREUMH: Planificaci\u00f3n, organizaci\u00f3n y realizaci\u00f3n de talleres y charlas de difusi\u00f3n en centros educativos o en campus de la UMH, sobre la titulaci\u00f3n en la que est\u00e1s matriculado\/a y afines.<\/p>\n<ul>\n<li>Periodo de pr\u00e1cticas: Desde el 14 de septiembre 2020 al 31 de mayo 2021.<\/li>\n<li>Horario Irregular de 5 horas diarias entre 8-17 horas de Lunes a Viernes.<\/li>\n<li>Imprescindible carnet de conducir y disponibilidad de veh\u00edculo, y ordenador personal con acceso a internet.<\/li>\n<li>Valorable valenciano.<\/li>\n<li>Importe: 450 euros brutos\/mes.<\/li>\n<\/ul>\n","protected":false},"excerpt":{"rendered":"<p>A continuaci\u00f3n se detalla la oferta del Observatorio Ocupacional a la que pod\u00e9is acceder en vuestro perfil de estudiante: P-3307\/20 PROGRAMA MIREUMH: Planificaci\u00f3n, organizaci\u00f3n y realizaci\u00f3n de talleres y charlas de difusi\u00f3n en centros educativos o en campus de la UMH, sobre la titulaci\u00f3n en la que est\u00e1s matriculado\/a y afines. Periodo de pr\u00e1cticas: Desde [&hellip;]<\/p>\n","protected":false},"author":1724,"featured_media":0,"comment_status":"closed","ping_status":"open","sticky":false,"template":"","format":"standard","meta":{"_links_to":"","_links_to_target":""},"categories":[242],"tags":[278],"_links":{"self":[{"href":"https:\/\/gradocau.umh.es\/en\/wp-json\/wp\/v2\/posts\/5176"}],"collection":[{"href":"https:\/\/gradocau.umh.es\/en\/wp-json\/wp\/v2\/posts"}],"about":[{"href":"https:\/\/gradocau.umh.es\/en\/wp-json\/wp\/v2\/types\/post"}],"author":[{"embeddable":true,"href":"https:\/\/gradocau.umh.es\/en\/wp-json\/wp\/v2\/users\/1724"}],"replies":[{"embeddable":true,"href":"https:\/\/gradocau.umh.es\/en\/wp-json\/wp\/v2\/comments?post=5176"}],"version-history":[{"count":0,"href":"https:\/\/gradocau.umh.es\/en\/wp-json\/wp\/v2\/posts\/5176\/revisions"}],"wp:attachment":[{"href":"https:\/\/gradocau.umh.es\/en\/wp-json\/wp\/v2\/media?parent=5176"}],"wp:term":[{"taxonomy":"category","embeddable":true,"href":"https:\/\/gradocau.umh.es\/en\/wp-json\/wp\/v2\/categories?post=5176"},{"taxonomy":"post_tag","embeddable":true,"href":"https:\/\/gradocau.umh.es\/en\/wp-json\/wp\/v2\/tags?post=5176"}],"curies":[{"name":"wp","href":"https:\/\/api.w.org\/{rel}","templated":true}]}}