{"id":5133,"date":"2020-06-17T16:04:24","date_gmt":"2020-06-17T16:04:24","guid":{"rendered":"http:\/\/gradocau.umh.es\/?p=5133"},"modified":"2020-06-17T16:05:39","modified_gmt":"2020-06-17T16:05:39","slug":"convocatorias-xxiv-concurso-de-arte-propuestas-y-xxiii-concurso-de-comic-del-ayuntamiento-de-alicante","status":"publish","type":"post","link":"https:\/\/gradocau.umh.es\/en\/2020\/06\/17\/convocatorias-xxiv-concurso-de-arte-propuestas-y-xxiii-concurso-de-comic-del-ayuntamiento-de-alicante\/","title":{"rendered":"Convocatorias XXIV Concurso de Arte &#8220;Propuestas&#8221; y XXIII Concurso de C\u00f3mic del Ayuntamiento de Alicante"},"content":{"rendered":"<p><a href=\"http:\/\/gradocau.umh.es\/files\/2020\/06\/concejalia-juventud.png\" target=\"_blank\"><img loading=\"lazy\" class=\"  wp-image-5135 alignnone\" src=\"http:\/\/gradocau.umh.es\/files\/2020\/06\/concejalia-juventud.png\" alt=\"concejalia juventud\" width=\"262\" height=\"135\" srcset=\"https:\/\/gradocau.umh.es\/files\/2020\/06\/concejalia-juventud.png 610w, https:\/\/gradocau.umh.es\/files\/2020\/06\/concejalia-juventud-300x154.png 300w\" sizes=\"(max-width: 262px) 100vw, 262px\" \/><\/a><\/p>\n<p>El Ayuntamiento de Alicante, a trav\u00e9s de la Concejal\u00eda de Juventud, ha publicado dos convocatorias de creaci\u00f3n art\u00edstica:<\/p>\n<p><strong>XXIV Concurso de Arte <em>Propuestas<\/em><\/strong>. Consulta las <a href=\"http:\/\/gradocau.umh.es\/files\/2020\/06\/1-BASES-PROPUESTAS-ARTE.pdf\" target=\"_blank\">BASES<\/a><\/p>\n<p><strong>XXIII Concurso de C\u00f3mic para autores noveles<\/strong>.<strong>\u00a0<\/strong>Consulta las <a href=\"http:\/\/gradocau.umh.es\/files\/2020\/06\/1-BASES-COMIC-2020.pdf\" target=\"_blank\">BASES<\/a><\/p>\n<p>Inscripciones hasta el 30 de septiembre de 2020.<\/p>\n","protected":false},"excerpt":{"rendered":"<p>El Ayuntamiento de Alicante, a trav\u00e9s de la Concejal\u00eda de Juventud, ha publicado dos convocatorias de creaci\u00f3n art\u00edstica: XXIV Concurso de Arte Propuestas. Consulta las BASES XXIII Concurso de C\u00f3mic para autores noveles.\u00a0Consulta las BASES Inscripciones hasta el 30 de septiembre de 2020.<\/p>\n","protected":false},"author":1724,"featured_media":0,"comment_status":"closed","ping_status":"open","sticky":false,"template":"","format":"standard","meta":{"_links_to":"","_links_to_target":""},"categories":[24],"tags":[109,188],"_links":{"self":[{"href":"https:\/\/gradocau.umh.es\/en\/wp-json\/wp\/v2\/posts\/5133"}],"collection":[{"href":"https:\/\/gradocau.umh.es\/en\/wp-json\/wp\/v2\/posts"}],"about":[{"href":"https:\/\/gradocau.umh.es\/en\/wp-json\/wp\/v2\/types\/post"}],"author":[{"embeddable":true,"href":"https:\/\/gradocau.umh.es\/en\/wp-json\/wp\/v2\/users\/1724"}],"replies":[{"embeddable":true,"href":"https:\/\/gradocau.umh.es\/en\/wp-json\/wp\/v2\/comments?post=5133"}],"version-history":[{"count":0,"href":"https:\/\/gradocau.umh.es\/en\/wp-json\/wp\/v2\/posts\/5133\/revisions"}],"wp:attachment":[{"href":"https:\/\/gradocau.umh.es\/en\/wp-json\/wp\/v2\/media?parent=5133"}],"wp:term":[{"taxonomy":"category","embeddable":true,"href":"https:\/\/gradocau.umh.es\/en\/wp-json\/wp\/v2\/categories?post=5133"},{"taxonomy":"post_tag","embeddable":true,"href":"https:\/\/gradocau.umh.es\/en\/wp-json\/wp\/v2\/tags?post=5133"}],"curies":[{"name":"wp","href":"https:\/\/api.w.org\/{rel}","templated":true}]}}