{"id":4992,"date":"2020-05-04T07:35:03","date_gmt":"2020-05-04T07:35:03","guid":{"rendered":"http:\/\/gradocau.umh.es\/?p=4992"},"modified":"2020-05-04T07:39:59","modified_gmt":"2020-05-04T07:39:59","slug":"el-festival-de-cine-de-cracovia-selecciona-el-cortometraje-orquesta-los-bengalas-de-la-escuela-de-cine-umh","status":"publish","type":"post","link":"https:\/\/gradocau.umh.es\/en\/2020\/05\/04\/el-festival-de-cine-de-cracovia-selecciona-el-cortometraje-orquesta-los-bengalas-de-la-escuela-de-cine-umh\/","title":{"rendered":"El Festival de Cine de Cracovia selecciona el cortometraje \u201cOrquesta Los Bengalas\u201d de la Escuela de Cine UMH"},"content":{"rendered":"<p><strong><a href=\"http:\/\/gradocau.umh.es\/files\/2020\/05\/MG_8485.jpg\" target=\"_blank\"><img loading=\"lazy\" class=\"alignleft  wp-image-4994\" src=\"http:\/\/gradocau.umh.es\/files\/2020\/05\/MG_8485-1024x683.jpg\" alt=\"_MG_8485\" width=\"252\" height=\"168\" srcset=\"https:\/\/gradocau.umh.es\/files\/2020\/05\/MG_8485-1024x683.jpg 1024w, https:\/\/gradocau.umh.es\/files\/2020\/05\/MG_8485-300x200.jpg 300w\" sizes=\"(max-width: 252px) 100vw, 252px\" \/><\/a><\/strong><\/p>\n<p><strong>\u00a0 \u00a0<a href=\"http:\/\/gradocau.umh.es\/files\/2020\/05\/cracovia.jpeg\" target=\"_blank\"><img loading=\"lazy\" class=\"  wp-image-4993 alignnone\" src=\"http:\/\/gradocau.umh.es\/files\/2020\/05\/cracovia.jpeg\" alt=\"cracovia\" width=\"243\" height=\"162\" srcset=\"https:\/\/gradocau.umh.es\/files\/2020\/05\/cracovia.jpeg 853w, https:\/\/gradocau.umh.es\/files\/2020\/05\/cracovia-300x200.jpeg 300w\" sizes=\"(max-width: 243px) 100vw, 243px\" \/><\/a><\/strong><\/p>\n<p><strong>El cortometraje \u201cOrquesta Los Bengalas\u201d, correspondiente a la 4\u00aa edici\u00f3n de la Escuela de Cine de la Universidad Miguel Hern\u00e1ndez (UMH) de Elche, ha sido seleccionado para competir por el \u201cDrag\u00f3n Dorado\u201d en la 60 edici\u00f3n del prestigioso Festival de Cine de Cracovia, uno de los eventos m\u00e1s antiguos de Europa.<\/strong> Este festival, que califica para los premios \u00d3scar, Goya y los Premios del Cine Europeo, se celebrar\u00e1 del 31 de mayo al 7 de junio.<\/p>\n<p>El corto est\u00e1 <strong>escrito y dirigido<\/strong> por el cineasta alicantino <strong>David Valero<\/strong> y ha contado con la participaci\u00f3n de los <strong>estudiantes de los Grados en Comunicaci\u00f3n Audiovisual y en Bellas Artes de la UMH<\/strong>, a trav\u00e9s del programa formativo Escuela de Cine UMH. En concreto, el cortometraje est\u00e1 protagonizado por Jos\u00e9 A. T\u00e9llez de Cepeda, Alejandro Tous, Pepe Naranjo, Juli\u00e1n Garc\u00eda y Jos\u00e9 Navarro.<\/p>\n<p><strong>\u201cOrquesta Los Bengalas\u201d<\/strong> se rod\u00f3 durante julio de 2018 en varias localizaciones San Vicente del Raspeig y Alicante y su presentaci\u00f3n oficial tuvo lugar en octubre de 2019. Este cortometraje, el cual comenz\u00f3 su distribuci\u00f3n a comienzos de este 2020, <strong>ha sido seleccionado, adem\u00e1s, en otros festivales que tambi\u00e9n califican para los premios Goya como los Premios Fugaz al cortometraje espa\u00f1ol o el Festival Internacional de Cine de Lanzarote.<\/strong><\/p>\n<p>Este corto narra la historia Ram\u00f3n, un jubilado que canta en una orquesta desde hace 30 a\u00f1os. Acompa\u00f1ado por tres amigos (bater\u00eda, guitarra y \u00f3rgano) y su hijo (manager y t\u00e9cnico de sonido) recorren en furgoneta la geograf\u00eda espa\u00f1ola tocando en las fiestas de los pueblos, pero este a\u00f1o algo ha cambiado, quiz\u00e1s sea su \u00faltimo concierto porque Ram\u00f3n padece Alzheimer.<\/p>\n<p>La Escuela de Cine UMH tiene como objetivo complementar la formaci\u00f3n acad\u00e9mica que reciben los estudiantes, a trav\u00e9s de la realizaci\u00f3n de rodajes cinematogr\u00e1ficos en los que tienen la posibilidad de trabajar mano a mano con profesionales de la industria y con profesores de la UMH. La Escuela de Cine est\u00e1 dirigida por el profesor e investigador del Departamento de Arte y T\u00e9cnico del Servicio de Apoyo T\u00e9cnico a la Docencia y a la Investigaci\u00f3n de la UMH Guillermo L\u00f3pez Aliaga y est\u00e1 desarrollada por el Grupo de Investigaci\u00f3n Massiva del \u00c1rea de Est\u00e9tica y Teor\u00eda de las Artes.<\/p>\n<p>&nbsp;<\/p>\n","protected":false},"excerpt":{"rendered":"<p>\u00a0 \u00a0 El cortometraje \u201cOrquesta Los Bengalas\u201d, correspondiente a la 4\u00aa edici\u00f3n de la Escuela de Cine de la Universidad Miguel Hern\u00e1ndez (UMH) de Elche, ha sido seleccionado para competir por el \u201cDrag\u00f3n Dorado\u201d en la 60 edici\u00f3n del prestigioso Festival de Cine de Cracovia, uno de los eventos m\u00e1s antiguos de Europa. Este festival, [&hellip;]<\/p>\n","protected":false},"author":1724,"featured_media":0,"comment_status":"closed","ping_status":"open","sticky":false,"template":"","format":"standard","meta":{"_links_to":"","_links_to_target":""},"categories":[112,211,240,234,22],"tags":[186],"_links":{"self":[{"href":"https:\/\/gradocau.umh.es\/en\/wp-json\/wp\/v2\/posts\/4992"}],"collection":[{"href":"https:\/\/gradocau.umh.es\/en\/wp-json\/wp\/v2\/posts"}],"about":[{"href":"https:\/\/gradocau.umh.es\/en\/wp-json\/wp\/v2\/types\/post"}],"author":[{"embeddable":true,"href":"https:\/\/gradocau.umh.es\/en\/wp-json\/wp\/v2\/users\/1724"}],"replies":[{"embeddable":true,"href":"https:\/\/gradocau.umh.es\/en\/wp-json\/wp\/v2\/comments?post=4992"}],"version-history":[{"count":0,"href":"https:\/\/gradocau.umh.es\/en\/wp-json\/wp\/v2\/posts\/4992\/revisions"}],"wp:attachment":[{"href":"https:\/\/gradocau.umh.es\/en\/wp-json\/wp\/v2\/media?parent=4992"}],"wp:term":[{"taxonomy":"category","embeddable":true,"href":"https:\/\/gradocau.umh.es\/en\/wp-json\/wp\/v2\/categories?post=4992"},{"taxonomy":"post_tag","embeddable":true,"href":"https:\/\/gradocau.umh.es\/en\/wp-json\/wp\/v2\/tags?post=4992"}],"curies":[{"name":"wp","href":"https:\/\/api.w.org\/{rel}","templated":true}]}}