{"id":4702,"date":"2020-01-28T07:37:01","date_gmt":"2020-01-28T07:37:01","guid":{"rendered":"http:\/\/gradocau.umh.es\/?p=4702"},"modified":"2020-01-28T07:37:29","modified_gmt":"2020-01-28T07:37:29","slug":"el-documental-almas-de-fuego-de-cynthia-ferez-viaja-hasta-la-feria-internacional-de-turismo-de-madrid","status":"publish","type":"post","link":"https:\/\/gradocau.umh.es\/en\/2020\/01\/28\/el-documental-almas-de-fuego-de-cynthia-ferez-viaja-hasta-la-feria-internacional-de-turismo-de-madrid\/","title":{"rendered":"El documental &#8220;Almas de Fuego&#8221; de Cynthia F\u00e9rez viaja hasta la Feria Internacional de Turismo de Madrid"},"content":{"rendered":"<p><a href=\"http:\/\/gradocau.umh.es\/files\/2020\/01\/Almas-de-Fuego-Fitur.jpg\"><img loading=\"lazy\" class=\"  wp-image-4703 alignnone\" src=\"http:\/\/gradocau.umh.es\/files\/2020\/01\/Almas-de-Fuego-Fitur-1024x525.jpg\" alt=\"Almas de Fuego Fitur\" width=\"466\" height=\"239\" srcset=\"https:\/\/gradocau.umh.es\/files\/2020\/01\/Almas-de-Fuego-Fitur-1024x525.jpg 1024w, https:\/\/gradocau.umh.es\/files\/2020\/01\/Almas-de-Fuego-Fitur-300x154.jpg 300w, https:\/\/gradocau.umh.es\/files\/2020\/01\/Almas-de-Fuego-Fitur.jpg 1920w\" sizes=\"(max-width: 466px) 100vw, 466px\" \/><\/a><\/p>\n<p>El pasado viernes 24 de enero, en el stand de Alicante en\u00a0FITUR, se expuso el cortometraje documental <strong><em>Almas de Fuego<\/em><\/strong> de Cynthia F\u00e9rez, graduada en Comunicaci\u00f3n Audiovisual en el curso 2018-19.<\/p>\n<p>El visionado se enmarc\u00f3 en el acto\u00a0de presentaci\u00f3n del calendario de fiestas de la ciudad, y cont\u00f3 con la presencia de numerosas autoridades como la del Alcalde de Alicante,\u00a0<strong>Don Luis Barcala Sierra<\/strong>, la Vicealcaldesa, <strong>Do\u00f1a<\/strong> <strong>Mar\u00eda del Carmen S\u00e1nchez Zamora\u00a0<\/strong>y el Concejal de Fiestas,\u00a0<strong>Don Manuel Jim\u00e9nez Ort\u00edz, <\/strong>adem\u00e1s de los presidentes y presidentas de las fiestas alicantinas y la Bellesa del Foc d\u2019Alacant.<\/p>\n<p>Para finalizar el acto, el Alcalde de Alicante se dirigi\u00f3 a la directora del documental para agradecer su asistencia y dar comienzo a\u00a0la proyecci\u00f3n\u00a0de <strong><em>Almas de Fuego<\/em><\/strong> junto a los asistentes y medios de comunicaci\u00f3n presentes.<\/p>\n<p>El documental tambi\u00e9n hizo acto de presencia durante el s\u00e1bado 25 de enero, donde miles de asistentes pudieron seguir vision\u00e1ndolo tras su paso por el stand.<\/p>\n<p><strong><em>Almas de Fuego<\/em><\/strong> fue el eje central del Trabajo Fin de Grado que Cynthia F\u00e9rez present\u00f3 para finalizar sus estudios en el Grado en Comunicaci\u00f3n Audiovisual y que fue dirigido por el profesor Vicente Javier P\u00e9rez Valero.<\/p>\n","protected":false},"excerpt":{"rendered":"<p>El pasado viernes 24 de enero, en el stand de Alicante en\u00a0FITUR, se expuso el cortometraje documental Almas de Fuego de Cynthia F\u00e9rez, graduada en Comunicaci\u00f3n Audiovisual en el curso 2018-19. El visionado se enmarc\u00f3 en el acto\u00a0de presentaci\u00f3n del calendario de fiestas de la ciudad, y cont\u00f3 con la presencia de numerosas autoridades como [&hellip;]<\/p>\n","protected":false},"author":1724,"featured_media":0,"comment_status":"closed","ping_status":"open","sticky":false,"template":"","format":"standard","meta":{"_links_to":"","_links_to_target":""},"categories":[3322,89],"tags":[45,17,254,30,9],"_links":{"self":[{"href":"https:\/\/gradocau.umh.es\/en\/wp-json\/wp\/v2\/posts\/4702"}],"collection":[{"href":"https:\/\/gradocau.umh.es\/en\/wp-json\/wp\/v2\/posts"}],"about":[{"href":"https:\/\/gradocau.umh.es\/en\/wp-json\/wp\/v2\/types\/post"}],"author":[{"embeddable":true,"href":"https:\/\/gradocau.umh.es\/en\/wp-json\/wp\/v2\/users\/1724"}],"replies":[{"embeddable":true,"href":"https:\/\/gradocau.umh.es\/en\/wp-json\/wp\/v2\/comments?post=4702"}],"version-history":[{"count":0,"href":"https:\/\/gradocau.umh.es\/en\/wp-json\/wp\/v2\/posts\/4702\/revisions"}],"wp:attachment":[{"href":"https:\/\/gradocau.umh.es\/en\/wp-json\/wp\/v2\/media?parent=4702"}],"wp:term":[{"taxonomy":"category","embeddable":true,"href":"https:\/\/gradocau.umh.es\/en\/wp-json\/wp\/v2\/categories?post=4702"},{"taxonomy":"post_tag","embeddable":true,"href":"https:\/\/gradocau.umh.es\/en\/wp-json\/wp\/v2\/tags?post=4702"}],"curies":[{"name":"wp","href":"https:\/\/api.w.org\/{rel}","templated":true}]}}