{"id":4599,"date":"2019-12-16T13:43:32","date_gmt":"2019-12-16T13:43:32","guid":{"rendered":"http:\/\/gradocau.umh.es\/?p=4599"},"modified":"2019-12-16T18:32:59","modified_gmt":"2019-12-16T18:32:59","slug":"el-cortometraje-intergeneracional-el-perfil-empieza-a-rodarse-en-diferentes-espacios-de-la-ciudad-de-elche-el-programa-de-mayores-sabiex-y-los-grados-en-comunicacion-audiovisual-y-periodismo-cola","status":"publish","type":"post","link":"https:\/\/gradocau.umh.es\/en\/2019\/12\/16\/el-cortometraje-intergeneracional-el-perfil-empieza-a-rodarse-en-diferentes-espacios-de-la-ciudad-de-elche-el-programa-de-mayores-sabiex-y-los-grados-en-comunicacion-audiovisual-y-periodismo-cola\/","title":{"rendered":"El cortometraje intergeneracional &#8220;El perfil&#8221; empieza a rodarse en diferentes espacios de la ciudad de Elche. El programa de mayores SABIEX y los grados en Comunicaci\u00f3n Audiovisual y Periodismo colaboran de forma conjunta en este proyecto audiovisual"},"content":{"rendered":"<p><strong>El Vicerrectorado de Cultura de la Universidad Miguel Hern\u00e1ndez (UMH) de Elche, a trav\u00e9s del Programa Integral para mayores de 55 a\u00f1os y para la promoci\u00f3n del envejecimiento activo y saludable SABIEX, ha puesto en marcha un proyecto intergeneracional para rodar el cortometraje \u201cEl perfil\u201d, en el que mayores y j\u00f3venes intercambian experiencia y conocimiento para la realizaci\u00f3n de un cortometraje conjunto. La finalidad es construir un puente entre generaciones de personas con un gusto en com\u00fan, el cine.<\/strong><\/p>\n<p>En el proyecto participan alrededor de 60 personas, entre equipo t\u00e9cnico, art\u00edstico y colaboradores. La presentaci\u00f3n est\u00e1 prevista para marzo de 2020 y pretende presentarse en los festivales de cine y concursos cinematogr\u00e1ficos a los que pueda acceder y difundir esta experiencia entre mayores ya jubilados y universitarios. Con este fin, los mayores se han constituido en El Pirul\u00ed Producciones Audiovisuales, una asociaci\u00f3n cultural sin \u00e1nimo de lucro, cuya entidad ser\u00e1 la que conste como promotora de la actividad.<\/p>\n<p>El rodaje\u00a0ha comenzado y se prolongar\u00e1 hasta inicios de enero. Est\u00e1 previsto que rueden en diferentes espacios de la ciudad de Elche como restaurantes, cafeter\u00edas, parques, iglesias, etc. Este proyecto cuenta con el respaldo de SABIEX y el Vicerrectorado de Cultura de la UMH y con el patrocinio de los Grados en Comunicaci\u00f3n Audiovisual (CAU) y en Periodismo, as\u00ed como del Doble Grado en Comunicaci\u00f3n Audiovisual y Periodismo (CAUP). Asimismo, en esta iniciativa colabora el profesor de Narrativa Audiovisual del Grado en CAU Elpidio del Campo, el Observatorio Ocupacional de la UMH, el Ayuntamiento de Elche, los Autobuses Urbanos de Elche Urbaser, Di\u00f3cesis Orihuela-Alicante (Parroquia de San Jos\u00e9), la Fundaci\u00f3n CajaMediterr\u00e1neo, el restaurante El Granaino, la pasteler\u00eda Pati\u00f1o y la cafeter\u00eda Imperial.<\/p>\n<p><a href=\"http:\/\/gradocau.umh.es\/files\/2019\/12\/El-perfil-inicio-rodaje-3.jpg\" target=\"_blank\"><img loading=\"lazy\" class=\"alignleft  wp-image-4600\" src=\"http:\/\/gradocau.umh.es\/files\/2019\/12\/El-perfil-inicio-rodaje-3-1024x683.jpg\" alt=\"El-perfil-inicio-rodaje-3\" width=\"301\" height=\"201\" srcset=\"https:\/\/gradocau.umh.es\/files\/2019\/12\/El-perfil-inicio-rodaje-3-1024x683.jpg 1024w, https:\/\/gradocau.umh.es\/files\/2019\/12\/El-perfil-inicio-rodaje-3-300x200.jpg 300w\" sizes=\"(max-width: 301px) 100vw, 301px\" \/><\/a> <a href=\"http:\/\/gradocau.umh.es\/files\/2019\/12\/el-perfil.png\" target=\"_blank\"><img loading=\"lazy\" class=\"alignleft  wp-image-4601\" src=\"http:\/\/gradocau.umh.es\/files\/2019\/12\/el-perfil-1024x682.png\" alt=\"el perfil\" width=\"304\" height=\"202\" srcset=\"https:\/\/gradocau.umh.es\/files\/2019\/12\/el-perfil-1024x682.png 1024w, https:\/\/gradocau.umh.es\/files\/2019\/12\/el-perfil-300x200.png 300w\" sizes=\"(max-width: 304px) 100vw, 304px\" \/><\/a><\/p>\n","protected":false},"excerpt":{"rendered":"<p>El Vicerrectorado de Cultura de la Universidad Miguel Hern\u00e1ndez (UMH) de Elche, a trav\u00e9s del Programa Integral para mayores de 55 a\u00f1os y para la promoci\u00f3n del envejecimiento activo y saludable SABIEX, ha puesto en marcha un proyecto intergeneracional para rodar el cortometraje \u201cEl perfil\u201d, en el que mayores y j\u00f3venes intercambian experiencia y conocimiento [&hellip;]<\/p>\n","protected":false},"author":1724,"featured_media":0,"comment_status":"closed","ping_status":"open","sticky":false,"template":"","format":"standard","meta":{"_links_to":"","_links_to_target":""},"categories":[224,211],"tags":[17,83,198179,248,34],"_links":{"self":[{"href":"https:\/\/gradocau.umh.es\/en\/wp-json\/wp\/v2\/posts\/4599"}],"collection":[{"href":"https:\/\/gradocau.umh.es\/en\/wp-json\/wp\/v2\/posts"}],"about":[{"href":"https:\/\/gradocau.umh.es\/en\/wp-json\/wp\/v2\/types\/post"}],"author":[{"embeddable":true,"href":"https:\/\/gradocau.umh.es\/en\/wp-json\/wp\/v2\/users\/1724"}],"replies":[{"embeddable":true,"href":"https:\/\/gradocau.umh.es\/en\/wp-json\/wp\/v2\/comments?post=4599"}],"version-history":[{"count":0,"href":"https:\/\/gradocau.umh.es\/en\/wp-json\/wp\/v2\/posts\/4599\/revisions"}],"wp:attachment":[{"href":"https:\/\/gradocau.umh.es\/en\/wp-json\/wp\/v2\/media?parent=4599"}],"wp:term":[{"taxonomy":"category","embeddable":true,"href":"https:\/\/gradocau.umh.es\/en\/wp-json\/wp\/v2\/categories?post=4599"},{"taxonomy":"post_tag","embeddable":true,"href":"https:\/\/gradocau.umh.es\/en\/wp-json\/wp\/v2\/tags?post=4599"}],"curies":[{"name":"wp","href":"https:\/\/api.w.org\/{rel}","templated":true}]}}