{"id":4502,"date":"2019-11-13T13:10:28","date_gmt":"2019-11-13T13:10:28","guid":{"rendered":"http:\/\/gradocau.umh.es\/?p=4502"},"modified":"2019-11-13T13:12:10","modified_gmt":"2019-11-13T13:12:10","slug":"manana-comienza-el-ii-congreso-internacional-de-genero-fantastico-audiovisuales-y-nuevas-tecnologias-de-la-umh","status":"publish","type":"post","link":"https:\/\/gradocau.umh.es\/en\/2019\/11\/13\/manana-comienza-el-ii-congreso-internacional-de-genero-fantastico-audiovisuales-y-nuevas-tecnologias-de-la-umh\/","title":{"rendered":"Ma\u00f1ana comienza el II Congreso Internacional de G\u00e9nero Fant\u00e1stico, Audiovisuales y Nuevas Tecnolog\u00edas"},"content":{"rendered":"<p><strong><a href=\"http:\/\/gradocau.umh.es\/files\/2019\/10\/Cartel_FantaElx_2019.jpg\" target=\"_blank\"><img loading=\"lazy\" class=\"alignleft  wp-image-4354\" src=\"http:\/\/gradocau.umh.es\/files\/2019\/10\/Cartel_FantaElx_2019-212x300.jpg\" alt=\"Cartel_FantaElx_2019\" width=\"272\" height=\"385\" srcset=\"https:\/\/gradocau.umh.es\/files\/2019\/10\/Cartel_FantaElx_2019-212x300.jpg 212w, https:\/\/gradocau.umh.es\/files\/2019\/10\/Cartel_FantaElx_2019-724x1024.jpg 724w\" sizes=\"(max-width: 272px) 100vw, 272px\" \/><\/a>El Grupo de Investigaci\u00f3n Massiva de la Universidad Miguel Hern\u00e1ndez (UMH) de Elche, el Departamento de Arte y la Asociaci\u00f3n Unicornio Negro han organizado la segunda edici\u00f3n del Congreso Internacional de G\u00e9nero Fant\u00e1stico, Audiovisuales y Nuevas Tecnolog\u00edas<\/strong>. Estas jornadas se celebrar\u00e1n el <strong>14 y 15 de noviembre, a las 9:30 horas, en el Centro de Congresos \u201cCiutat d\u2019Elx\u201d.<\/strong><\/p>\n<p>Durante el evento, conferenciantes de car\u00e1cter internacional y nacional abordar\u00e1n la diversidad de tem\u00e1ticas del G\u00e9nero Fant\u00e1stico, en su amplio abanico de formatos: cine, televisi\u00f3n, teatro, literatura, c\u00f3mic, videojuegos, realidad virtual, etc. Durante los dos d\u00edas de celebraci\u00f3n del Congreso, intervendr\u00e1n expertos procedentes de centros de investigaci\u00f3n de Francia, M\u00e9xico o B\u00e9lgica, as\u00ed como ponentes de universidades como la UMH, Pompeu Fabra, la Universidad de Sevilla, la de Murcia, la de Alicante, la Universidad Ramon Llull o la Universidad Complutense de Madrid.<\/p>\n<p><strong>El congreso est\u00e1 vinculado al Festival Internacional de Cine Fant\u00e1stico de Elche \u2013 FANTAELX<\/strong>, que se celebrar\u00e1 tambi\u00e9n del <strong>14 al 16 de noviembre en el Centro de Congresos \u201cCiutat d\u2019Elx\u201d<\/strong>. Asimismo, el <strong>viernes y el s\u00e1bado se proyectar\u00e1n, a partir de las 16:30 horas, los cortometrajes seleccionados en el Festival.<\/strong><\/p>\n<p>El Congreso y el festival cuentan con el apoyo de la Concejal\u00eda de Cultura del Ayuntamiento de Elche, as\u00ed como de organismos como Visit Elche, el Centro de Congresos \u00abCiutat d\u2019Elx\u00bb, la UMH, el Vicerrectorado de Cultura, los Cines Ode\u00f3n, el Centro Comercial l\u2019Aljub, y Cinema Paradiso.<\/p>\n<p>M\u00e1s informaci\u00f3n en: <a href=\"http:\/\/www.festivalcinefantaelx.com\/programa\/\" target=\"_blank\">http:\/\/www.festivalcinefantaelx.com\/programa\/<\/a><\/p>\n","protected":false},"excerpt":{"rendered":"<p>El Grupo de Investigaci\u00f3n Massiva de la Universidad Miguel Hern\u00e1ndez (UMH) de Elche, el Departamento de Arte y la Asociaci\u00f3n Unicornio Negro han organizado la segunda edici\u00f3n del Congreso Internacional de G\u00e9nero Fant\u00e1stico, Audiovisuales y Nuevas Tecnolog\u00edas. Estas jornadas se celebrar\u00e1n el 14 y 15 de noviembre, a las 9:30 horas, en el Centro de [&hellip;]<\/p>\n","protected":false},"author":1724,"featured_media":0,"comment_status":"closed","ping_status":"open","sticky":false,"template":"","format":"standard","meta":{"_links_to":"","_links_to_target":""},"categories":[224,211,207,94,22],"tags":[17,83,34],"_links":{"self":[{"href":"https:\/\/gradocau.umh.es\/en\/wp-json\/wp\/v2\/posts\/4502"}],"collection":[{"href":"https:\/\/gradocau.umh.es\/en\/wp-json\/wp\/v2\/posts"}],"about":[{"href":"https:\/\/gradocau.umh.es\/en\/wp-json\/wp\/v2\/types\/post"}],"author":[{"embeddable":true,"href":"https:\/\/gradocau.umh.es\/en\/wp-json\/wp\/v2\/users\/1724"}],"replies":[{"embeddable":true,"href":"https:\/\/gradocau.umh.es\/en\/wp-json\/wp\/v2\/comments?post=4502"}],"version-history":[{"count":0,"href":"https:\/\/gradocau.umh.es\/en\/wp-json\/wp\/v2\/posts\/4502\/revisions"}],"wp:attachment":[{"href":"https:\/\/gradocau.umh.es\/en\/wp-json\/wp\/v2\/media?parent=4502"}],"wp:term":[{"taxonomy":"category","embeddable":true,"href":"https:\/\/gradocau.umh.es\/en\/wp-json\/wp\/v2\/categories?post=4502"},{"taxonomy":"post_tag","embeddable":true,"href":"https:\/\/gradocau.umh.es\/en\/wp-json\/wp\/v2\/tags?post=4502"}],"curies":[{"name":"wp","href":"https:\/\/api.w.org\/{rel}","templated":true}]}}