{"id":3995,"date":"2019-09-17T07:09:22","date_gmt":"2019-09-17T07:09:22","guid":{"rendered":"http:\/\/gradocau.umh.es\/?p=3995"},"modified":"2019-09-17T15:32:45","modified_gmt":"2019-09-17T15:32:45","slug":"el-congreso-internacional-de-genero-fantastico-audiovisuales-y-nuevas-tecnologias-publica-el-call-of-papers-para-su-2a-edicion","status":"publish","type":"post","link":"https:\/\/gradocau.umh.es\/en\/2019\/09\/17\/el-congreso-internacional-de-genero-fantastico-audiovisuales-y-nuevas-tecnologias-publica-el-call-of-papers-para-su-2a-edicion\/","title":{"rendered":"El Congreso Internacional de G\u00e9nero Fant\u00e1stico, Audiovisuales y Nuevas Tecnolog\u00edas publica el Call of Papers para su 2\u00aa edici\u00f3n"},"content":{"rendered":"<p>&nbsp;<\/p>\n<p>El\u00a0<em>Festival Internacional de Cine Fant\u00e1stico de Elche \u2013 FANTAELX<\/em>, ha publicado una nueva convocatoria de participaci\u00f3n para el <strong>II Congreso Internacional de G\u00e9nero Fant\u00e1stico, Audiovisuales y Nuevas Tecnolog\u00edas<\/strong>, que tendr\u00e1 lugar el\u00a014 y 15 de noviembre de 2019 en el Centro de Congresos &#8220;Ciutat d&#8217;Elx&#8221;, que cuenta con la colaboraci\u00f3n de la Universidad Miguel Hern\u00e1ndez de Elche y con docentes y alumnos del\u00a0Grado en Comunicaci\u00f3n Audiovisual.<\/p>\n<p>El objetivo principal del Congreso es la difusi\u00f3n de los estudios e investigaciones alrededor del<strong>\u00a0G\u00e9nero Fant\u00e1stico<\/strong>, abarcando todas sus posibles variantes y plataformas: cine, televisi\u00f3n, teatro, literatura, c\u00f3mic, videojuegos, realidad virtual, etc.<\/p>\n<p>En esta ocasi\u00f3n, la l\u00ednea tem\u00e1tica principal ser\u00e1 <strong>La Ciencia-Ficci\u00f3n en el contexto cosmol\u00f3gico y su posible interconexi\u00f3n con las diversas plataformas de la cultura, el audiovisual y las nuevas tecnolog\u00edas<\/strong>, a trav\u00e9s de estas cuatro posibles variaciones:<\/p>\n<ol>\n<li>La investigaci\u00f3n y la reflexi\u00f3n te\u00f3rica de la Ciencia Ficci\u00f3n, como subg\u00e9nero fant\u00e1stico, en el contexto cosmol\u00f3gico y en sus diversas modalidades de expresi\u00f3n: estudios, corrientes, movimientos, obras y autores destacados.<\/li>\n<li>La Ciencia-Ficci\u00f3n en el contexto cosmol\u00f3gico y su interconexi\u00f3n con los diversos modelos de la cultura audiovisual y las nuevas tecnolog\u00edas: su car\u00e1cter h\u00edbrido a trav\u00e9s del cine, el c\u00f3mic, los videojuegos, la realidad virtual, etc.<\/li>\n<li>La investigaci\u00f3n y la reflexi\u00f3n te\u00f3rica de la Ciencia-Ficci\u00f3n en el contexto cosmol\u00f3gico a trav\u00e9s de sus diversas tem\u00e1ticas y subg\u00e9neros, referidas a conceptos tales como el cosmos, los universos paralelos, los exoplanetas, las paradojas y utop\u00edas espaciales, el horror c\u00f3smico, la robo\u00e9tica espacial, etc., en los diversos modelos culturales y tecnol\u00f3gicos, y desde la perspectiva de estudio de las corrientes (obras, autores destacados, etc.) y los subg\u00e9neros, tales como el\u00a0<em>Steampunk<\/em>, la Ficci\u00f3n especulativa, el\u00a0<em>New Weird<\/em>, el\u00a0<em>Solarpunk<\/em>, etc.<\/li>\n<li>La Ciencia-Ficci\u00f3n en el contexto cosmol\u00f3gico como herramienta de comunicaci\u00f3n, reflexi\u00f3n o an\u00e1lisis social y pol\u00edtico.<\/li>\n<\/ol>\n<p>El plazo para la recepci\u00f3n de propuestas\/res\u00famenes (m\u00e1ximo 600 palabras) <strong>finaliza el\u00a07 de octubre de 2019\u00a0(inclusive)<\/strong>.<\/p>\n<p>La informaci\u00f3n completa de la convocatoria puede consultarse en el siguiente\u00a0<a title=\"Call of Papers\" href=\"http:\/\/www.festivalcinefantaelx.com\/congreso-call-for-papers\/\" target=\"_blank\"><strong>enlace<\/strong><\/a>.<\/p>\n<p><strong>La Memoria con los resultados de la primera edici\u00f3n del Congreso, celebrado el a\u00f1o pasado, puede consultarse\u00a0<a title=\"Memoria 2018\" href=\"http:\/\/www.festivalcinefantaelx.com\/wp-content\/uploads\/2019\/08\/memoria-resultados_1r-Congreso-Internacional-de-G%C3%A9nero-Fant%C3%A1stico-Audiovisuales-y-Nuevas-Tecnolog%C3%ADas-2018.pdf\" target=\"_blank\">aqu\u00ed<\/a>.<\/strong><\/p>\n<p>&nbsp;<\/p>\n<p><a href=\"http:\/\/gradocau.umh.es\/files\/2019\/09\/MG_8169.jpg\"><img loading=\"lazy\" class=\"alignnone  wp-image-3997\" src=\"http:\/\/gradocau.umh.es\/files\/2019\/09\/MG_8169-300x200.jpg\" alt=\"_MG_8169\" width=\"408\" height=\"263\" \/><\/a>\u00a0 \u00a0 \u00a0<a href=\"http:\/\/gradocau.umh.es\/files\/2019\/09\/MG_7911.jpg\"><img loading=\"lazy\" class=\"alignnone  wp-image-4000\" src=\"http:\/\/gradocau.umh.es\/files\/2019\/09\/MG_7911-300x200.jpg\" alt=\"_MG_7911\" width=\"394\" height=\"262\" srcset=\"https:\/\/gradocau.umh.es\/files\/2019\/09\/MG_7911-300x200.jpg 300w, https:\/\/gradocau.umh.es\/files\/2019\/09\/MG_7911-1024x683.jpg 1024w\" sizes=\"(max-width: 394px) 100vw, 394px\" \/><\/a><\/p>\n<p><em><a href=\"http:\/\/gradocau.umh.es\/files\/2019\/09\/MG_8435.jpg\"><img loading=\"lazy\" class=\"alignnone  wp-image-3998\" src=\"http:\/\/gradocau.umh.es\/files\/2019\/09\/MG_8435-300x200.jpg\" alt=\"_MG_8435\" width=\"409\" height=\"272\" srcset=\"https:\/\/gradocau.umh.es\/files\/2019\/09\/MG_8435-300x200.jpg 300w, https:\/\/gradocau.umh.es\/files\/2019\/09\/MG_8435-1024x683.jpg 1024w\" sizes=\"(max-width: 409px) 100vw, 409px\" \/><\/a>\u00a0 \u00a0 \u00a0<a href=\"http:\/\/gradocau.umh.es\/files\/2019\/09\/MG_8360.jpg\"><img loading=\"lazy\" class=\"alignnone  wp-image-4001\" src=\"http:\/\/gradocau.umh.es\/files\/2019\/09\/MG_8360-300x200.jpg\" alt=\"_MG_8360\" width=\"393\" height=\"269\" \/><\/a><\/em><\/p>\n<p>&nbsp;<\/p>\n<p>&nbsp;<\/p>\n","protected":false},"excerpt":{"rendered":"<p>&nbsp; El\u00a0Festival Internacional de Cine Fant\u00e1stico de Elche \u2013 FANTAELX, ha publicado una nueva convocatoria de participaci\u00f3n para el II Congreso Internacional de G\u00e9nero Fant\u00e1stico, Audiovisuales y Nuevas Tecnolog\u00edas, que tendr\u00e1 lugar el\u00a014 y 15 de noviembre de 2019 en el Centro de Congresos &#8220;Ciutat d&#8217;Elx&#8221;, que cuenta con la colaboraci\u00f3n de la Universidad Miguel [&hellip;]<\/p>\n","protected":false},"author":1724,"featured_media":0,"comment_status":"closed","ping_status":"open","sticky":false,"template":"","format":"standard","meta":{"_links_to":"","_links_to_target":""},"categories":[211,94,22,212],"tags":[],"_links":{"self":[{"href":"https:\/\/gradocau.umh.es\/en\/wp-json\/wp\/v2\/posts\/3995"}],"collection":[{"href":"https:\/\/gradocau.umh.es\/en\/wp-json\/wp\/v2\/posts"}],"about":[{"href":"https:\/\/gradocau.umh.es\/en\/wp-json\/wp\/v2\/types\/post"}],"author":[{"embeddable":true,"href":"https:\/\/gradocau.umh.es\/en\/wp-json\/wp\/v2\/users\/1724"}],"replies":[{"embeddable":true,"href":"https:\/\/gradocau.umh.es\/en\/wp-json\/wp\/v2\/comments?post=3995"}],"version-history":[{"count":0,"href":"https:\/\/gradocau.umh.es\/en\/wp-json\/wp\/v2\/posts\/3995\/revisions"}],"wp:attachment":[{"href":"https:\/\/gradocau.umh.es\/en\/wp-json\/wp\/v2\/media?parent=3995"}],"wp:term":[{"taxonomy":"category","embeddable":true,"href":"https:\/\/gradocau.umh.es\/en\/wp-json\/wp\/v2\/categories?post=3995"},{"taxonomy":"post_tag","embeddable":true,"href":"https:\/\/gradocau.umh.es\/en\/wp-json\/wp\/v2\/tags?post=3995"}],"curies":[{"name":"wp","href":"https:\/\/api.w.org\/{rel}","templated":true}]}}