{"id":3961,"date":"2019-07-01T10:26:20","date_gmt":"2019-07-01T10:26:20","guid":{"rendered":"http:\/\/gradocau.umh.es\/?p=3961"},"modified":"2019-07-01T10:26:20","modified_gmt":"2019-07-01T10:26:20","slug":"un-total-de-seis-cortometrajes-de-estudiantes-de-cau-seran-exhibidos-en-el-festival-internacional-de-cine-de-elche","status":"publish","type":"post","link":"https:\/\/gradocau.umh.es\/en\/2019\/07\/01\/un-total-de-seis-cortometrajes-de-estudiantes-de-cau-seran-exhibidos-en-el-festival-internacional-de-cine-de-elche\/","title":{"rendered":"Un total de seis cortometrajes de estudiantes de CAU ser\u00e1n exhibidos en el Festival Internacional de Cine de Elche"},"content":{"rendered":"<p><a href=\"http:\/\/gradocau.umh.es\/files\/2019\/07\/Fotograma-corto-Si-queremos-entrar.jpg\"><img loading=\"lazy\" class=\"  wp-image-3962 alignright\" src=\"http:\/\/gradocau.umh.es\/files\/2019\/07\/Fotograma-corto-Si-queremos-entrar-1024x527.jpg\" alt=\"Fotograma corto Si queremos entrar\" width=\"433\" height=\"223\" srcset=\"https:\/\/gradocau.umh.es\/files\/2019\/07\/Fotograma-corto-Si-queremos-entrar-1024x527.jpg 1024w, https:\/\/gradocau.umh.es\/files\/2019\/07\/Fotograma-corto-Si-queremos-entrar-300x154.jpg 300w, https:\/\/gradocau.umh.es\/files\/2019\/07\/Fotograma-corto-Si-queremos-entrar.jpg 1739w\" sizes=\"(max-width: 433px) 100vw, 433px\" \/><\/a>La Titulaci\u00f3n\u00a0de Comunicaci\u00f3n Audiovisual y el Festival Internacional de Cine Independiente de Elche (FICIE) anuncian la valoraci\u00f3n del jurado de la convocatoria 2019 de la convocatoria FICIE-Estudiante UMH. Se presentaron un total de 10 cortometrajes todos ellos de ficci\u00f3n. Finalmente, el jurado ha seleccionado un total de 6 trabajos que ser\u00e1n exhibidos en secci\u00f3n no competitiva previa a la competitiva durante las proyecciones del FICIE. Los trabajos seleccionados son: <em>Manuel, Si queremos entrar, entramos, \u00a1Te lo puedo explicar!, Mimo, De este lado del sue\u00f1o <\/em><em>y <\/em><em>Breath.<\/em><\/p>\n<p>El jurado ha estado integrado por los profesionales y profesores Jaume Quiles, Montserrat Jurado, Mar\u00eda Samper, Vicente P\u00e9rez, Pablo Mas y Mario Paul Mart\u00ednez. El jurado ha destacado el alto nivel con el que cada a\u00f1o se presentan los cortometrajes y animan a los estudiantes a seguir participando en \u00e9sta y todas las convocatorias de festivales y concursos nacionales e internacionales. Esta propuesta la hace extensiva no s\u00f3lo a los seleccionados, sino tambi\u00e9n al resto de los presentados.<\/p>\n<p style=\"text-align: right;\">Fotograma del corto: <em>Si queremos entrar, entramos<\/em><\/p>\n<p>El cortometraje <em>Manuel, <\/em>de Javier Robles \u00c1lvarez<em>,<\/em> ha sido rodado dentro del <em>Seminario 5 y acci\u00f3n<\/em> organizado por el Grado en Comunicaci\u00f3n Audiovisual para los estudiantes de primer curso de CAU y Doble Grado en CAUP; <em>Si queremos entrar, entramos<\/em><em>, de<\/em> \u00c1ngel Llorens Miralles, <em>y <\/em><em>Mimo, de <\/em>Jon del Rey e Iv\u00e1n Agull\u00f3, <em>han sido rodados bajo el amparo del Proyecto Transversal de segundo curso de CAU<\/em><em>; De este lado del sue\u00f1o, <\/em><em>forma parte del proyecto Internacional Student Film Project de coproducci\u00f3n internacional del cine, rodado en entre San Diego (USA) y Tijuana (M\u00e9xico) por los estudiantes <\/em>Luisella Fiorella Lucero Dala (UMH) y Roberto Carlos M\u00e9ndez Rivera (Universidad de las Californias International, Tijuana, M\u00e9xico)<em>; <\/em><em>Breath,<\/em><em> es el proyecto del Trabajo Final de Grado de <\/em>Nerea \u00dabeda Segura<em>; y <\/em><em>\u00a1Te lo puedo explicar!, <\/em><em>es un proyecto libre presentado por Javier Jerez.<\/em><\/p>\n<p><em>El Festival Internacional de cine de Elche programar\u00e1 estos cortometrajes para su exhibici\u00f3n en el Hort del Xocolater en Elche y playas de Arenales del Sol previa la exhibici\u00f3n oficial y durante la semana del 22 al 26 de julio. En cuanto tengan la programaci\u00f3n cerrada lo anunciaremos en el blog de las titulaciones de comunicaci\u00f3n.<\/em><\/p>\n<p>&nbsp;<\/p>\n","protected":false},"excerpt":{"rendered":"<p>La Titulaci\u00f3n\u00a0de Comunicaci\u00f3n Audiovisual y el Festival Internacional de Cine Independiente de Elche (FICIE) anuncian la valoraci\u00f3n del jurado de la convocatoria 2019 de la convocatoria FICIE-Estudiante UMH. Se presentaron un total de 10 cortometrajes todos ellos de ficci\u00f3n. Finalmente, el jurado ha seleccionado un total de 6 trabajos que ser\u00e1n exhibidos en secci\u00f3n no [&hellip;]<\/p>\n","protected":false},"author":1406,"featured_media":0,"comment_status":"closed","ping_status":"open","sticky":false,"template":"","format":"standard","meta":{"_links_to":"","_links_to_target":""},"categories":[112,2,24,22,89,102,52,206],"tags":[],"_links":{"self":[{"href":"https:\/\/gradocau.umh.es\/en\/wp-json\/wp\/v2\/posts\/3961"}],"collection":[{"href":"https:\/\/gradocau.umh.es\/en\/wp-json\/wp\/v2\/posts"}],"about":[{"href":"https:\/\/gradocau.umh.es\/en\/wp-json\/wp\/v2\/types\/post"}],"author":[{"embeddable":true,"href":"https:\/\/gradocau.umh.es\/en\/wp-json\/wp\/v2\/users\/1406"}],"replies":[{"embeddable":true,"href":"https:\/\/gradocau.umh.es\/en\/wp-json\/wp\/v2\/comments?post=3961"}],"version-history":[{"count":0,"href":"https:\/\/gradocau.umh.es\/en\/wp-json\/wp\/v2\/posts\/3961\/revisions"}],"wp:attachment":[{"href":"https:\/\/gradocau.umh.es\/en\/wp-json\/wp\/v2\/media?parent=3961"}],"wp:term":[{"taxonomy":"category","embeddable":true,"href":"https:\/\/gradocau.umh.es\/en\/wp-json\/wp\/v2\/categories?post=3961"},{"taxonomy":"post_tag","embeddable":true,"href":"https:\/\/gradocau.umh.es\/en\/wp-json\/wp\/v2\/tags?post=3961"}],"curies":[{"name":"wp","href":"https:\/\/api.w.org\/{rel}","templated":true}]}}