{"id":3956,"date":"2019-06-27T09:23:26","date_gmt":"2019-06-27T09:23:26","guid":{"rendered":"http:\/\/gradocau.umh.es\/?p=3956"},"modified":"2019-06-27T09:25:07","modified_gmt":"2019-06-27T09:25:07","slug":"el-grado-en-cau-y-la-new-york-film-academy-inician-conversaciones-para-la-colaboracion-de-proyectos-conjuntos","status":"publish","type":"post","link":"https:\/\/gradocau.umh.es\/en\/2019\/06\/27\/el-grado-en-cau-y-la-new-york-film-academy-inician-conversaciones-para-la-colaboracion-de-proyectos-conjuntos\/","title":{"rendered":"El Grado en CAU y la New York Film Academy inician conversaciones para la colaboraci\u00f3n de proyectos conjuntos"},"content":{"rendered":"<p><a href=\"http:\/\/gradocau.umh.es\/files\/2019\/06\/IMG_20190619_112406.jpg\"><img loading=\"lazy\" class=\"  wp-image-3957 alignright\" src=\"http:\/\/gradocau.umh.es\/files\/2019\/06\/IMG_20190619_112406-1024x768.jpg\" alt=\"IMG_20190619_112406\" width=\"265\" height=\"199\" srcset=\"https:\/\/gradocau.umh.es\/files\/2019\/06\/IMG_20190619_112406-1024x768.jpg 1024w, https:\/\/gradocau.umh.es\/files\/2019\/06\/IMG_20190619_112406-300x225.jpg 300w\" sizes=\"(max-width: 265px) 100vw, 265px\" \/><\/a>Los grados de Comunicaci\u00f3n Audiovisual (CAU), Doble Grado en Comunicaci\u00f3n Audiovisual y Periodismo (CAUP) y Periodismo inician conversaciones para el establecimiento de proyectos conjuntos con la sede en \u00c1msterdam de la prestigiosa escuela de cine New Film Academy.<\/p>\n<p>La coordinadora del Grado en CAU Bego\u00f1a Ivars Nicol\u00e1s y la coordinadora de Proyecci\u00f3n del mismo Grado, Montserrat Jurado Mart\u00edn se reunieron la semana pasada con el director de NYFA \u00c1msterdam Devin Crowley para concretar la propuesta de un taller que los estudiantes de la UMH podr\u00edan desarrollar durante una o dos semanas en la sede europea. As\u00ed mismo se baraj\u00f3 la posibilidad de que el director de NYFA pudiera impartir alguna sesi\u00f3n magistral o conferencia en el campus de Elche.<\/p>\n<p>Al tratarse de un centro privado norteamericano el acuerdo marco o espec\u00edfico permitir\u00eda a los estudiantes de los grados implicados acogerse a la oferta de ense\u00f1anza propia y oficial de la NYFA y asesoramiento para el desplazamiento, estancia y visados en el caso de que corresponda.<\/p>\n<p><a href=\"http:\/\/gradocau.umh.es\/files\/2019\/06\/IMG_20190619_110437.jpg\"><img loading=\"lazy\" class=\"  wp-image-3958 alignleft\" src=\"http:\/\/gradocau.umh.es\/files\/2019\/06\/IMG_20190619_110437-1024x768.jpg\" alt=\"IMG_20190619_110437\" width=\"259\" height=\"194\" srcset=\"https:\/\/gradocau.umh.es\/files\/2019\/06\/IMG_20190619_110437-1024x768.jpg 1024w, https:\/\/gradocau.umh.es\/files\/2019\/06\/IMG_20190619_110437-300x225.jpg 300w\" sizes=\"(max-width: 259px) 100vw, 259px\" \/><\/a>NYFA es una de las escuelas de cine m\u00e1s emblem\u00e1ticas a nivel mundial en su campo. Fundamentalmente su oferta est\u00e1 centrada en la realizaci\u00f3n cinematogr\u00e1fica, pero cuenta tambi\u00e9n con docencia especializada en fotograf\u00eda, iluminaci\u00f3n, documental, v\u00eddeojuegos, interpretaci\u00f3n, dise\u00f1o gr\u00e1fico, periodismo televisivo, producci\u00f3n para cine y para televisi\u00f3n, etc. Sus cursos van desde seminarios de una semana, cursos de un a\u00f1o acad\u00e9mico o estudios oficiales de grado intensivos de tres a\u00f1os, como es el caso del Bachelor of Arts in Media Studies (BA) en Los \u00c1ngeles (USA) y Bachelor of Fine Arts (BFA) en Miami (Florida-USA) y tambi\u00e9n en Los \u00c1ngeles.<\/p>\n<p>NYFA tiene campus en Los \u00c1ngeles, Miami, New York, Sydney y Gold Coast (Australia), y otras sedes como la de Florencia, Par\u00eds, Harvard University (MA), Florida.<\/p>\n","protected":false},"excerpt":{"rendered":"<p>Los grados de Comunicaci\u00f3n Audiovisual (CAU), Doble Grado en Comunicaci\u00f3n Audiovisual y Periodismo (CAUP) y Periodismo inician conversaciones para el establecimiento de proyectos conjuntos con la sede en \u00c1msterdam de la prestigiosa escuela de cine New Film Academy. La coordinadora del Grado en CAU Bego\u00f1a Ivars Nicol\u00e1s y la coordinadora de Proyecci\u00f3n del mismo Grado, [&hellip;]<\/p>\n","protected":false},"author":1406,"featured_media":0,"comment_status":"closed","ping_status":"open","sticky":false,"template":"","format":"standard","meta":{"_links_to":"","_links_to_target":""},"categories":[112,2],"tags":[],"_links":{"self":[{"href":"https:\/\/gradocau.umh.es\/en\/wp-json\/wp\/v2\/posts\/3956"}],"collection":[{"href":"https:\/\/gradocau.umh.es\/en\/wp-json\/wp\/v2\/posts"}],"about":[{"href":"https:\/\/gradocau.umh.es\/en\/wp-json\/wp\/v2\/types\/post"}],"author":[{"embeddable":true,"href":"https:\/\/gradocau.umh.es\/en\/wp-json\/wp\/v2\/users\/1406"}],"replies":[{"embeddable":true,"href":"https:\/\/gradocau.umh.es\/en\/wp-json\/wp\/v2\/comments?post=3956"}],"version-history":[{"count":0,"href":"https:\/\/gradocau.umh.es\/en\/wp-json\/wp\/v2\/posts\/3956\/revisions"}],"wp:attachment":[{"href":"https:\/\/gradocau.umh.es\/en\/wp-json\/wp\/v2\/media?parent=3956"}],"wp:term":[{"taxonomy":"category","embeddable":true,"href":"https:\/\/gradocau.umh.es\/en\/wp-json\/wp\/v2\/categories?post=3956"},{"taxonomy":"post_tag","embeddable":true,"href":"https:\/\/gradocau.umh.es\/en\/wp-json\/wp\/v2\/tags?post=3956"}],"curies":[{"name":"wp","href":"https:\/\/api.w.org\/{rel}","templated":true}]}}