{"id":3925,"date":"2019-05-31T16:37:44","date_gmt":"2019-05-31T16:37:44","guid":{"rendered":"http:\/\/gradocau.umh.es\/?p=3925"},"modified":"2019-05-31T16:37:44","modified_gmt":"2019-05-31T16:37:44","slug":"visionado-de-los-cortos-del-proyecto-transversal-de-segundo-de-cau","status":"publish","type":"post","link":"https:\/\/gradocau.umh.es\/en\/2019\/05\/31\/visionado-de-los-cortos-del-proyecto-transversal-de-segundo-de-cau\/","title":{"rendered":"Visionado de los cortos del proyecto Transversal de segundo de CAU"},"content":{"rendered":"<p>El jueves 30 tuvo lugar el visionado de los cortos del proyecto Transversal de 2\u00ba del Grado en Comunicaci\u00f3n Audiovisual en el que participaron muy activamente sus estudiantes. El Sal\u00f3n de Grados de Arenals se llen\u00f3 por completo e incluso tuvimos que recurrir a las sillas del hall y de la cafeter\u00eda, ya que al tratarse de una sesi\u00f3n abierta, amigos, familiares y actores participantes estuvieron invitados. Se presentaron un total de 9 proyectos de los 11 iniciales, todos ellos de gran creatividad. Se enfrentaron a las propuestas de mejora del profesorado, que ahora tiene que poner su calificaci\u00f3n a trabajos que deb\u00edan tener una duraci\u00f3n entre 5 y 6 minutos.<\/p>\n<p>La actividad cuenta con la participaci\u00f3n de las asignaturas de Guion Literario, Guion T\u00e9cnico, Sonido de las Producciones Audiovisuales y\u00a0Direcci\u00f3n de Fotograf\u00eda. Un mismo proyecto se trabaja de\u00a0forma conjunta para optimizar el tiempo de los estudiantes y sacar el mejor provecho a sus proyectos. La actividad est\u00e1 coordinada por el profesor Jaume Quiles. Los alumnos\u00a0tienen ahora la oportunidad de presentar sus cortos a la convocatoria FICIE Estudiantes UMH con el fin de ser seleccionados para que\u00a0el p\u00fablico del festival internacional, m\u00e1s de 1.000 personas por sesi\u00f3n, pueda ver las pel\u00edculas de las promesas del audiovisual del ma\u00f1ana.<\/p>\n<p><a href=\"http:\/\/gradocau.umh.es\/files\/2019\/05\/transversal-1-2019.jpg\"><img loading=\"lazy\" class=\"alignnone  wp-image-3926\" src=\"http:\/\/gradocau.umh.es\/files\/2019\/05\/transversal-1-2019-1024x576.jpg\" alt=\"transversal 1 2019\" width=\"276\" height=\"155\" srcset=\"https:\/\/gradocau.umh.es\/files\/2019\/05\/transversal-1-2019-1024x576.jpg 1024w, https:\/\/gradocau.umh.es\/files\/2019\/05\/transversal-1-2019-300x169.jpg 300w\" sizes=\"(max-width: 276px) 100vw, 276px\" \/><\/a> <a href=\"http:\/\/gradocau.umh.es\/files\/2019\/05\/transversal-2-2019.jpg\"><img loading=\"lazy\" class=\"alignnone  wp-image-3927\" src=\"http:\/\/gradocau.umh.es\/files\/2019\/05\/transversal-2-2019-1024x576.jpg\" alt=\"transversal 2 2019\" width=\"288\" height=\"162\" srcset=\"https:\/\/gradocau.umh.es\/files\/2019\/05\/transversal-2-2019-1024x576.jpg 1024w, https:\/\/gradocau.umh.es\/files\/2019\/05\/transversal-2-2019-300x169.jpg 300w\" sizes=\"(max-width: 288px) 100vw, 288px\" \/><\/a> <a href=\"http:\/\/gradocau.umh.es\/files\/2019\/05\/transversal-3-2019.jpg\"><img loading=\"lazy\" class=\"alignnone  wp-image-3928\" src=\"http:\/\/gradocau.umh.es\/files\/2019\/05\/transversal-3-2019-1024x576.jpg\" alt=\"transversal 3 2019\" width=\"297\" height=\"167\" srcset=\"https:\/\/gradocau.umh.es\/files\/2019\/05\/transversal-3-2019-1024x576.jpg 1024w, https:\/\/gradocau.umh.es\/files\/2019\/05\/transversal-3-2019-300x169.jpg 300w\" sizes=\"(max-width: 297px) 100vw, 297px\" \/><\/a> <a href=\"http:\/\/gradocau.umh.es\/files\/2019\/05\/transversal-4-2019.jpg\"><img loading=\"lazy\" class=\"alignnone  wp-image-3929\" src=\"http:\/\/gradocau.umh.es\/files\/2019\/05\/transversal-4-2019-1024x576.jpg\" alt=\"transversal 4 2019\" width=\"300\" height=\"169\" srcset=\"https:\/\/gradocau.umh.es\/files\/2019\/05\/transversal-4-2019-1024x576.jpg 1024w, https:\/\/gradocau.umh.es\/files\/2019\/05\/transversal-4-2019-300x169.jpg 300w\" sizes=\"(max-width: 300px) 100vw, 300px\" \/><\/a><\/p>\n","protected":false},"excerpt":{"rendered":"<p>El jueves 30 tuvo lugar el visionado de los cortos del proyecto Transversal de 2\u00ba del Grado en Comunicaci\u00f3n Audiovisual en el que participaron muy activamente sus estudiantes. El Sal\u00f3n de Grados de Arenals se llen\u00f3 por completo e incluso tuvimos que recurrir a las sillas del hall y de la cafeter\u00eda, ya que al [&hellip;]<\/p>\n","protected":false},"author":1406,"featured_media":0,"comment_status":"closed","ping_status":"open","sticky":false,"template":"","format":"standard","meta":{"_links_to":"","_links_to_target":""},"categories":[112,2,68,89],"tags":[],"_links":{"self":[{"href":"https:\/\/gradocau.umh.es\/en\/wp-json\/wp\/v2\/posts\/3925"}],"collection":[{"href":"https:\/\/gradocau.umh.es\/en\/wp-json\/wp\/v2\/posts"}],"about":[{"href":"https:\/\/gradocau.umh.es\/en\/wp-json\/wp\/v2\/types\/post"}],"author":[{"embeddable":true,"href":"https:\/\/gradocau.umh.es\/en\/wp-json\/wp\/v2\/users\/1406"}],"replies":[{"embeddable":true,"href":"https:\/\/gradocau.umh.es\/en\/wp-json\/wp\/v2\/comments?post=3925"}],"version-history":[{"count":0,"href":"https:\/\/gradocau.umh.es\/en\/wp-json\/wp\/v2\/posts\/3925\/revisions"}],"wp:attachment":[{"href":"https:\/\/gradocau.umh.es\/en\/wp-json\/wp\/v2\/media?parent=3925"}],"wp:term":[{"taxonomy":"category","embeddable":true,"href":"https:\/\/gradocau.umh.es\/en\/wp-json\/wp\/v2\/categories?post=3925"},{"taxonomy":"post_tag","embeddable":true,"href":"https:\/\/gradocau.umh.es\/en\/wp-json\/wp\/v2\/tags?post=3925"}],"curies":[{"name":"wp","href":"https:\/\/api.w.org\/{rel}","templated":true}]}}