{"id":3899,"date":"2019-05-07T17:53:03","date_gmt":"2019-05-07T17:53:03","guid":{"rendered":"http:\/\/gradocau.umh.es\/?p=3899"},"modified":"2019-05-07T17:53:52","modified_gmt":"2019-05-07T17:53:52","slug":"el-doble-grado-de-comunicacion-audiovisual-y-periodismo-asiste-en-madrid-al-evento-fuera-de-series","status":"publish","type":"post","link":"https:\/\/gradocau.umh.es\/en\/2019\/05\/07\/el-doble-grado-de-comunicacion-audiovisual-y-periodismo-asiste-en-madrid-al-evento-fuera-de-series\/","title":{"rendered":"El Doble Grado de Comunicaci\u00f3n Audiovisual y Periodismo asiste en Madrid al evento \u201cFuera de Series\u201d"},"content":{"rendered":"<p>Un grupo de 37 estudiantes del Doble Grado en Comunicaci\u00f3n Audiovisual y Periodismo de la Universidad Miguel Hern\u00e1ndez (UMH) de Elche nos fuimos de viaje a Madrid los pasados d\u00edas 25-26 de abril. La actividad, organizada por el delegado y el subdelegado de la titulaci\u00f3n, Miguel Antonio Herrero Navarro y Jose Antonio Terol Pomares, cont\u00f3 con la colaboraci\u00f3n del profesor Carlos J. Navas, que imparte la asignatura de Gesti\u00f3n de la Empresa Informativa.<\/p>\n<p>Durante el primer d\u00eda, asistimos al evento del blog <span style=\"text-decoration: underline;\">Fuera de Series<\/span>, sobre la serie \u201cJusto antes de Cristo\u201d, donde se analiza esta comedia de situaci\u00f3n junto a sus directores y el actor Juli\u00e1n L\u00f3pez. \u00a0Al d\u00eda siguiente, hicimos un tour por las instalaciones de una de las cadenas de televisi\u00f3n privada m\u00e1s importantes de Espa\u00f1a: Atresmedia. En esta visita tuvimos la oportunidad de ver los plat\u00f3s de programas de la talla de Espejo P\u00fablico o Al Rojo Vivo.\u00a0 Adem\u00e1s, pudimos conocer en persona a Roberto Brasero y preguntarle por el tiempo o a Carlos Alsina, dos profesionales con los que pudimos hablar y hacernos fotos.<\/p>\n<p>Sin duda fue una experiencia corta, pero intensa que nos motiv\u00f3 a los alumnos del doble grado, adem\u00e1s de entrar en contacto con un posible futuro lugar de trabajo, y de conocer mejor los entresijos del mundo audiovisual y de la profesi\u00f3n period\u00edstica.<\/p>\n<p><strong>MIGUEL ANTONIO HERRERO NAVARRO\u00a0<\/strong><\/p>\n<p><img loading=\"lazy\" class=\" alignleft\" src=\"http:\/\/periodismo.umh.es\/files\/2019\/05\/PHOTO-2019-05-06-13-53-29.jpg\" alt=\"\" width=\"212\" height=\"282\" \/><a href=\"http:\/\/periodismo.umh.es\/files\/2019\/05\/PHOTO-2019-05-06-13-53-29-2.jpg\"><img loading=\"lazy\" class=\" size-medium wp-image-2750 alignleft\" src=\"http:\/\/periodismo.umh.es\/files\/2019\/05\/PHOTO-2019-05-06-13-53-29-2-225x300.jpg\" srcset=\"http:\/\/periodismo.umh.es\/files\/2019\/05\/PHOTO-2019-05-06-13-53-29-2-225x300.jpg 225w, http:\/\/periodismo.umh.es\/files\/2019\/05\/PHOTO-2019-05-06-13-53-29-2-768x1024.jpg 768w, http:\/\/periodismo.umh.es\/files\/2019\/05\/PHOTO-2019-05-06-13-53-29-2.jpg 1200w\" alt=\"\" width=\"225\" height=\"300\" \/><\/a><a href=\"http:\/\/periodismo.umh.es\/files\/2019\/05\/PHOTO-2019-05-06-13-53-27.jpg\"><img loading=\"lazy\" class=\" size-medium wp-image-2747 alignnone\" src=\"http:\/\/periodismo.umh.es\/files\/2019\/05\/PHOTO-2019-05-06-13-53-27-300x225.jpg\" srcset=\"http:\/\/periodismo.umh.es\/files\/2019\/05\/PHOTO-2019-05-06-13-53-27-300x225.jpg 300w, http:\/\/periodismo.umh.es\/files\/2019\/05\/PHOTO-2019-05-06-13-53-27-768x576.jpg 768w, http:\/\/periodismo.umh.es\/files\/2019\/05\/PHOTO-2019-05-06-13-53-27-1024x768.jpg 1024w, http:\/\/periodismo.umh.es\/files\/2019\/05\/PHOTO-2019-05-06-13-53-27.jpg 1600w\" alt=\"\" width=\"300\" height=\"225\" \/><\/a><\/p>\n<p><strong>\u00a0<\/strong><\/p>\n","protected":false},"excerpt":{"rendered":"<p>Un grupo de 37 estudiantes del Doble Grado en Comunicaci\u00f3n Audiovisual y Periodismo de la Universidad Miguel Hern\u00e1ndez (UMH) de Elche nos fuimos de viaje a Madrid los pasados d\u00edas 25-26 de abril. La actividad, organizada por el delegado y el subdelegado de la titulaci\u00f3n, Miguel Antonio Herrero Navarro y Jose Antonio Terol Pomares, cont\u00f3 [&hellip;]<\/p>\n","protected":false},"author":1406,"featured_media":0,"comment_status":"closed","ping_status":"open","sticky":false,"template":"","format":"standard","meta":{"_links_to":"","_links_to_target":""},"categories":[112,2],"tags":[],"_links":{"self":[{"href":"https:\/\/gradocau.umh.es\/en\/wp-json\/wp\/v2\/posts\/3899"}],"collection":[{"href":"https:\/\/gradocau.umh.es\/en\/wp-json\/wp\/v2\/posts"}],"about":[{"href":"https:\/\/gradocau.umh.es\/en\/wp-json\/wp\/v2\/types\/post"}],"author":[{"embeddable":true,"href":"https:\/\/gradocau.umh.es\/en\/wp-json\/wp\/v2\/users\/1406"}],"replies":[{"embeddable":true,"href":"https:\/\/gradocau.umh.es\/en\/wp-json\/wp\/v2\/comments?post=3899"}],"version-history":[{"count":0,"href":"https:\/\/gradocau.umh.es\/en\/wp-json\/wp\/v2\/posts\/3899\/revisions"}],"wp:attachment":[{"href":"https:\/\/gradocau.umh.es\/en\/wp-json\/wp\/v2\/media?parent=3899"}],"wp:term":[{"taxonomy":"category","embeddable":true,"href":"https:\/\/gradocau.umh.es\/en\/wp-json\/wp\/v2\/categories?post=3899"},{"taxonomy":"post_tag","embeddable":true,"href":"https:\/\/gradocau.umh.es\/en\/wp-json\/wp\/v2\/tags?post=3899"}],"curies":[{"name":"wp","href":"https:\/\/api.w.org\/{rel}","templated":true}]}}