{"id":3816,"date":"2019-03-26T10:23:57","date_gmt":"2019-03-26T10:23:57","guid":{"rendered":"http:\/\/gradocau.umh.es\/?p=3816"},"modified":"2019-03-26T10:24:25","modified_gmt":"2019-03-26T10:24:25","slug":"la-actriz-ilicitana-cristina-alcazar-impartira-una-master-class-en-la-asignatura-direccion-de-actores","status":"publish","type":"post","link":"https:\/\/gradocau.umh.es\/en\/2019\/03\/26\/la-actriz-ilicitana-cristina-alcazar-impartira-una-master-class-en-la-asignatura-direccion-de-actores\/","title":{"rendered":"La actriz ilicitana Cristina Alc\u00e1zar impartir\u00e1 una m\u00e1ster class en la asignatura Direcci\u00f3n de actores"},"content":{"rendered":"<p><a href=\"http:\/\/gradocau.umh.es\/files\/2019\/03\/principalcris.jpg\"><img loading=\"lazy\" class=\"  wp-image-3817 alignright\" src=\"http:\/\/gradocau.umh.es\/files\/2019\/03\/principalcris-1024x440.jpg\" alt=\"principalcris\" width=\"279\" height=\"120\" srcset=\"https:\/\/gradocau.umh.es\/files\/2019\/03\/principalcris-1024x440.jpg 1024w, https:\/\/gradocau.umh.es\/files\/2019\/03\/principalcris-300x129.jpg 300w\" sizes=\"(max-width: 279px) 100vw, 279px\" \/><\/a>\u00a0El pr\u00f3ximo viernes 29 de marzo, de 15:00 a 19:00, en el aula 0.2 del Edificio Arenals, se impartir\u00e1 una <em>master class<\/em> a cargo de la actriz ilicitana Cristina Alc\u00e1zar, conocida por su participaci\u00f3n en series televisivas como Cu\u00e9ntame c\u00f3mo pas\u00f3 de RTVE o F\u00edsica o Qu\u00edmica de Antena 3, adem\u00e1s de otros t\u00edtulos cinematogr\u00e1ficos como son el largometraje <em>Cachorro<\/em> (2017), dirigido por Jes\u00fas Rivera Soriano y <em>La sexta alumna<\/em> (2016), dirigida por Benja de la Rosa, entre otros. Actualmente estrena varios proyectos nuevos.<\/p>\n<p>La master class se enmarca dentro de las actividades programadas en el proyecto de Innovaci\u00f3n Educativa Universitaria PIEU 2018\/20 Acting para realizadores. El proyecto est\u00e1 coordinado por el profesor Francisco Juli\u00e1n Mart\u00ednez Cano, en colaboraci\u00f3n con los profesores Jaume Quiles Campos, Adri\u00e1n Penalva Soler y Pablo M\u00e1s Serrano.\u00a0\u00a0La actividad est\u00e1 dirigida a los alumnos de la asignatura Direcci\u00f3n de Actores, del Grado en Comunicaci\u00f3n Audiovisual, pero tambi\u00e9n pueden asistir los alumnos de tercero y cuarto curso del Grado en Comunicaci\u00f3n Audiovisual que est\u00e9n interesados, hasta completar el aforo.<\/p>\n","protected":false},"excerpt":{"rendered":"<p>\u00a0El pr\u00f3ximo viernes 29 de marzo, de 15:00 a 19:00, en el aula 0.2 del Edificio Arenals, se impartir\u00e1 una master class a cargo de la actriz ilicitana Cristina Alc\u00e1zar, conocida por su participaci\u00f3n en series televisivas como Cu\u00e9ntame c\u00f3mo pas\u00f3 de RTVE o F\u00edsica o Qu\u00edmica de Antena 3, adem\u00e1s de otros t\u00edtulos cinematogr\u00e1ficos [&hellip;]<\/p>\n","protected":false},"author":1406,"featured_media":0,"comment_status":"closed","ping_status":"open","sticky":false,"template":"","format":"standard","meta":{"_links_to":"","_links_to_target":""},"categories":[112,2,68],"tags":[],"_links":{"self":[{"href":"https:\/\/gradocau.umh.es\/en\/wp-json\/wp\/v2\/posts\/3816"}],"collection":[{"href":"https:\/\/gradocau.umh.es\/en\/wp-json\/wp\/v2\/posts"}],"about":[{"href":"https:\/\/gradocau.umh.es\/en\/wp-json\/wp\/v2\/types\/post"}],"author":[{"embeddable":true,"href":"https:\/\/gradocau.umh.es\/en\/wp-json\/wp\/v2\/users\/1406"}],"replies":[{"embeddable":true,"href":"https:\/\/gradocau.umh.es\/en\/wp-json\/wp\/v2\/comments?post=3816"}],"version-history":[{"count":0,"href":"https:\/\/gradocau.umh.es\/en\/wp-json\/wp\/v2\/posts\/3816\/revisions"}],"wp:attachment":[{"href":"https:\/\/gradocau.umh.es\/en\/wp-json\/wp\/v2\/media?parent=3816"}],"wp:term":[{"taxonomy":"category","embeddable":true,"href":"https:\/\/gradocau.umh.es\/en\/wp-json\/wp\/v2\/categories?post=3816"},{"taxonomy":"post_tag","embeddable":true,"href":"https:\/\/gradocau.umh.es\/en\/wp-json\/wp\/v2\/tags?post=3816"}],"curies":[{"name":"wp","href":"https:\/\/api.w.org\/{rel}","templated":true}]}}