{"id":3740,"date":"2019-02-13T17:27:36","date_gmt":"2019-02-13T17:27:36","guid":{"rendered":"http:\/\/gradocau.umh.es\/?p=3740"},"modified":"2019-02-14T08:51:43","modified_gmt":"2019-02-14T08:51:43","slug":"somos-lo-que-comemos-nespresso-desafia-a-los-jovenes-cineastas-a-compartir-lo-que-la-gastronomia-significa-para-ellos-en-su-concurso-de-cortometrajes","status":"publish","type":"post","link":"https:\/\/gradocau.umh.es\/en\/2019\/02\/13\/somos-lo-que-comemos-nespresso-desafia-a-los-jovenes-cineastas-a-compartir-lo-que-la-gastronomia-significa-para-ellos-en-su-concurso-de-cortometrajes\/","title":{"rendered":"&#8220;SOMOS LO QUE COMEMOS&#8221;. NESPRESSO DESAF\u00cdA A LOS J\u00d3VENES CINEASTAS A COMPARTIR LO QUE LA GASTRONOM\u00cdA SIGNIFICA PARA ELLOS EN SU CONCURSO DE CORTOMETRAJES"},"content":{"rendered":"<p>Nespresso lanza por cuarto a\u00f1o consecutivo Nespresso Talents, un concurso de cortometrajes en formato vertical cuya finalidad es servir de escaparate al extraordinario talento cinematogr\u00e1fico que se extiende por todo el mundo.<\/p>\n<p>Bajo el lema &#8220;Somos lo que comemos&#8221;, Nespresso desaf\u00eda a los creadores de historias a dirigir un corto en el que expresen lo que la gastronom\u00eda significa para ellos. A trav\u00e9s de la comida uno explora el mundo, experimenta la diversidad, trabaja, comparte, se cuida, se recompensa, conoce la naturaleza, las estaciones, se conecta con la tierra, ense\u00f1a a sus hijos\u2026 Este a\u00f1o, Nespresso invita a los participantes a compartir experiencias, conocimientos, innovaciones y conexiones relacionadas con los alimentos.<\/p>\n<p>Nespresso Talents ampl\u00eda los l\u00edmites del cine tradicional al poner el formato vertical (9:16) como condici\u00f3n para los proyectos. De este modo, se ofrece a los participantes la oportunidad de explorar su creatividad desde una perspectiva completamente nueva. Mientras que la vista horizontal ofrece un buen resultado en la televisi\u00f3n y el cine, el v\u00eddeo vertical ha sido concebido para los dispositivos m\u00f3viles.<\/p>\n<p>Dado que el 60% de los v\u00eddeos de todo el mundo se visualizan a trav\u00e9s de m\u00f3viles y tablets y que se usa verticalmente el 94% del tiempo, es normal que cada vez m\u00e1s directores y creadores de contenidos generen piezas verticales para adaptarse a los tiempos. La reflexi\u00f3n de esto ha dado lugar al desarrollo del proyecto Nespresso Talents, el primer concurso creado con estas caracter\u00edsticas.<\/p>\n<p>El plazo de inscripciones estar\u00e1 abierto hasta el 25 de marzo de 2019 en <a href=\"https:\/\/www.nespresso.com\/talents\/es\/es\/home \" target=\"_blank\">nespresso.com\/talents<\/a>.<\/p>\n<p>&nbsp;<\/p>\n<p><span style=\"color: #1f487c; font-family: Arial,Arial; font-size: medium;\"><span style=\"color: #1f487c; font-family: Arial,Arial; font-size: medium;\"><span style=\"color: #1f487c; font-family: Arial,Arial; font-size: medium;\">\u00a0<\/span><\/span><\/span><\/p>\n","protected":false},"excerpt":{"rendered":"<p>Nespresso lanza por cuarto a\u00f1o consecutivo Nespresso Talents, un concurso de cortometrajes en formato vertical cuya finalidad es servir de escaparate al extraordinario talento cinematogr\u00e1fico que se extiende por todo el mundo. Bajo el lema &#8220;Somos lo que comemos&#8221;, Nespresso desaf\u00eda a los creadores de historias a dirigir un corto en el que expresen lo [&hellip;]<\/p>\n","protected":false},"author":1406,"featured_media":0,"comment_status":"closed","ping_status":"open","sticky":false,"template":"","format":"standard","meta":{"_links_to":"","_links_to_target":""},"categories":[2,24],"tags":[],"_links":{"self":[{"href":"https:\/\/gradocau.umh.es\/en\/wp-json\/wp\/v2\/posts\/3740"}],"collection":[{"href":"https:\/\/gradocau.umh.es\/en\/wp-json\/wp\/v2\/posts"}],"about":[{"href":"https:\/\/gradocau.umh.es\/en\/wp-json\/wp\/v2\/types\/post"}],"author":[{"embeddable":true,"href":"https:\/\/gradocau.umh.es\/en\/wp-json\/wp\/v2\/users\/1406"}],"replies":[{"embeddable":true,"href":"https:\/\/gradocau.umh.es\/en\/wp-json\/wp\/v2\/comments?post=3740"}],"version-history":[{"count":0,"href":"https:\/\/gradocau.umh.es\/en\/wp-json\/wp\/v2\/posts\/3740\/revisions"}],"wp:attachment":[{"href":"https:\/\/gradocau.umh.es\/en\/wp-json\/wp\/v2\/media?parent=3740"}],"wp:term":[{"taxonomy":"category","embeddable":true,"href":"https:\/\/gradocau.umh.es\/en\/wp-json\/wp\/v2\/categories?post=3740"},{"taxonomy":"post_tag","embeddable":true,"href":"https:\/\/gradocau.umh.es\/en\/wp-json\/wp\/v2\/tags?post=3740"}],"curies":[{"name":"wp","href":"https:\/\/api.w.org\/{rel}","templated":true}]}}