{"id":3729,"date":"2019-02-12T10:45:13","date_gmt":"2019-02-12T10:45:13","guid":{"rendered":"http:\/\/gradocau.umh.es\/?p=3729"},"modified":"2019-02-12T10:50:01","modified_gmt":"2019-02-12T10:50:01","slug":"el-directora-del-corto-el-olvido-nominado-a-los-goya-ofrecera-una-conferencia-a-los-estudiantes-de-primero-de-cau","status":"publish","type":"post","link":"https:\/\/gradocau.umh.es\/en\/2019\/02\/12\/el-directora-del-corto-el-olvido-nominado-a-los-goya-ofrecera-una-conferencia-a-los-estudiantes-de-primero-de-cau\/","title":{"rendered":"La directora del corto El Olvido, nominado a los Goya, ofrecer\u00e1 una conferencia a los estudiantes de primero de CAU"},"content":{"rendered":"<p><a href=\"http:\/\/gradocau.umh.es\/files\/2019\/02\/el-olvido.jpg\"><img loading=\"lazy\" class=\"  wp-image-3730 alignright\" src=\"http:\/\/gradocau.umh.es\/files\/2019\/02\/el-olvido.jpg\" alt=\"el olvido\" width=\"287\" height=\"215\" srcset=\"https:\/\/gradocau.umh.es\/files\/2019\/02\/el-olvido.jpg 480w, https:\/\/gradocau.umh.es\/files\/2019\/02\/el-olvido-300x225.jpg 300w\" sizes=\"(max-width: 287px) 100vw, 287px\" \/><\/a><\/p>\n<p>La codirectora Xenia Grey, del corto nominado a Mejor Cortometraje de Animaci\u00f3n en la pasada edici\u00f3n de los Goya El Olvido, ofrecer\u00e1 una conferencia a los estudiantes de primero del Grado en Comunicaci\u00f3n Audiovisual. La actividad est\u00e1 enmarcada dentro de la asignatura Documentaci\u00f3n Informativa de cara a enriquecer el proceso pr\u00e1ctico y concienciar sobre la importancia de la buena documentaci\u00f3n en todo proceso de creaci\u00f3n audiovisual. La cita ser\u00e1 el martes 26 de febrero a las 19 horas en el aula 5 del edificio Altzavares.<\/p>\n<p>Tanto Xenia Grey\u00a0 y Cristina Vaello, recuperan un momento de la historia basado en los hechos reales acontecidos el 25 de mayo de 1938 en la ciudad de Alicante con la muerte de m\u00e1s de 300 personas en un bombardeo de aviones fascistas italianos dentro del marco de la guerra civil espa\u00f1ola. Unos acontecimientos que durante muchos a\u00f1os han permanecido en el olvido, ya que tras ganar la guerra el bando franquista este acontecimiento fue silenciado, en respuesta quiz\u00e1s a que Alicante fue estigmatizada muchos a\u00f1os al haber sido la \u00faltima ciudad conquistada frente al bando republicano.<\/p>\n<p>Sinopsis: Los pescadores regresaron al puerto, la pesca ha sido escasa. El hambre asola el pa\u00eds. Un hombre desconocido compra unas sardinas y las regala a unos ni\u00f1os que juegan. Los ni\u00f1os se f\u00edan de \u00e9l cuando habla de una abundante pesca que pronto llegar\u00eda al Mercado de Abastos y el rumor no tarda en extenderse por la ciudad. Sobre las 11 de la ma\u00f1ana y el Mercado de Alicante est\u00e1 lleno de gente. Son instantes previos al bombardeo. &#8220;El Olvido&#8221; es un homenaje a la v\u00edctimas con motivo de la conmemoraci\u00f3n del 80 aniversario.<\/p>\n<p>Xenia Grey (Megion, RUSIA, 1987) ha participado en los videoclips &#8220;My Nature&#8221; (direcci\u00f3n y producci\u00f3n); &#8220;Science of Silence&#8221; (direcci\u00f3n, direcci\u00f3n de arte, guion, producci\u00f3n, realizaci\u00f3n, edici\u00f3n y montaje), &#8220;Wolves and Lions&#8221; (direcci\u00f3n, direcci\u00f3n de arte, guion, producci\u00f3n, realizaci\u00f3n, edici\u00f3n y montaje). Tambi\u00e9n en la serie de teasers para propuesta de serie de televisi\u00f3n &#8220;Tenebrarum&#8221; (direcci\u00f3n de arte, dise\u00f1o y realizaci\u00f3n de props y decorados) y en los cortometrajes &#8220;La Sierra&#8221; (direcci\u00f3n de arte), &#8220;Follow Me Till Death&#8221; (guion, direcci\u00f3n, direcci\u00f3n de arte, producci\u00f3n y realizaci\u00f3n, seleccionado entre otros en los festivales de Alicante, Sant Joan d\u2019Alacant y Fant\u00e1stico de Elche), &#8220;Colores&#8221; (direcci\u00f3n de animaci\u00f3n, animaci\u00f3n y composici\u00f3n) y &#8220;El olvido&#8221; guion, direcci\u00f3n, animaci\u00f3n, composici\u00f3n, edici\u00f3n y montaje).<\/p>\n<p>M\u00e1s informaci\u00f3n aqu\u00ed<\/p>\n<p>Esta actividad cuenta con la colaboraci\u00f3n del \u00e1rea de Periodismo y de la Titulaci\u00f3n en CAU.<\/p>\n","protected":false},"excerpt":{"rendered":"<p>La codirectora Xenia Grey, del corto nominado a Mejor Cortometraje de Animaci\u00f3n en la pasada edici\u00f3n de los Goya El Olvido, ofrecer\u00e1 una conferencia a los estudiantes de primero del Grado en Comunicaci\u00f3n Audiovisual. La actividad est\u00e1 enmarcada dentro de la asignatura Documentaci\u00f3n Informativa de cara a enriquecer el proceso pr\u00e1ctico y concienciar sobre la [&hellip;]<\/p>\n","protected":false},"author":1406,"featured_media":0,"comment_status":"closed","ping_status":"open","sticky":false,"template":"","format":"standard","meta":{"_links_to":"","_links_to_target":""},"categories":[112,2,207],"tags":[],"_links":{"self":[{"href":"https:\/\/gradocau.umh.es\/en\/wp-json\/wp\/v2\/posts\/3729"}],"collection":[{"href":"https:\/\/gradocau.umh.es\/en\/wp-json\/wp\/v2\/posts"}],"about":[{"href":"https:\/\/gradocau.umh.es\/en\/wp-json\/wp\/v2\/types\/post"}],"author":[{"embeddable":true,"href":"https:\/\/gradocau.umh.es\/en\/wp-json\/wp\/v2\/users\/1406"}],"replies":[{"embeddable":true,"href":"https:\/\/gradocau.umh.es\/en\/wp-json\/wp\/v2\/comments?post=3729"}],"version-history":[{"count":0,"href":"https:\/\/gradocau.umh.es\/en\/wp-json\/wp\/v2\/posts\/3729\/revisions"}],"wp:attachment":[{"href":"https:\/\/gradocau.umh.es\/en\/wp-json\/wp\/v2\/media?parent=3729"}],"wp:term":[{"taxonomy":"category","embeddable":true,"href":"https:\/\/gradocau.umh.es\/en\/wp-json\/wp\/v2\/categories?post=3729"},{"taxonomy":"post_tag","embeddable":true,"href":"https:\/\/gradocau.umh.es\/en\/wp-json\/wp\/v2\/tags?post=3729"}],"curies":[{"name":"wp","href":"https:\/\/api.w.org\/{rel}","templated":true}]}}