{"id":3679,"date":"2018-12-14T09:36:04","date_gmt":"2018-12-14T09:36:04","guid":{"rendered":"http:\/\/gradocau.umh.es\/?p=3679"},"modified":"2018-12-14T09:36:04","modified_gmt":"2018-12-14T09:36:04","slug":"estudiantes-del-grado-en-cau-asisten-a-la-conferencia-de-la-empresa-mediapro","status":"publish","type":"post","link":"https:\/\/gradocau.umh.es\/en\/2018\/12\/14\/estudiantes-del-grado-en-cau-asisten-a-la-conferencia-de-la-empresa-mediapro\/","title":{"rendered":"Estudiantes del Grado en CAU asisten a la conferencia de la empresa Mediapro"},"content":{"rendered":"<p><a href=\"http:\/\/gradocau.umh.es\/files\/2018\/12\/mediapro-2.png\"><img loading=\"lazy\" class=\"  wp-image-3680 alignright\" src=\"http:\/\/gradocau.umh.es\/files\/2018\/12\/mediapro-2-1024x768.png\" alt=\"mediapro 2\" width=\"288\" height=\"216\" srcset=\"https:\/\/gradocau.umh.es\/files\/2018\/12\/mediapro-2-1024x768.png 1024w, https:\/\/gradocau.umh.es\/files\/2018\/12\/mediapro-2-300x225.png 300w, https:\/\/gradocau.umh.es\/files\/2018\/12\/mediapro-2.png 2048w\" sizes=\"(max-width: 288px) 100vw, 288px\" \/><\/a>El Observatorio Ocupacional de la Universidad Miguel Hern\u00e1ndez (UMH) de Elche ha organizado la conferencia \u201cUna nueva forma de consumir contenido y ver TV\u201d. Esta actividad\u00a0tuvo lugar\u00a0ayer jueves, 13 de diciembre, en el campus de Elche. El director de producci\u00f3n Mediapro y\u00a0director de Real Madrid TV, Mariano Rodr\u00edguez P\u00e9rez,\u00a0fue el encargado de impartir esta sesi\u00f3n. El objetivo de esta actividad es mostrar las perspectivas de futuro del sector audiovisual, desde el punto de vista de una empresa l\u00edder en el sector.<\/p>\n<p>Seg\u00fan los organizadores, con este encuentro se pretende dar a conocer la empresa Mediapro, dadas las oportunidades que en materia de pr\u00e1cticas y empleo puede generar a los estudiantes y titulados de la UMH. Esta empresa ocupa una posici\u00f3n l\u00edder como proveedora de servicios t\u00e9cnicos para la industria audiovisual. Asimismo, es productora y distribuidora de contenidos audiovisuales, gestora y distribuidora de acontecimientos deportivos, productora cinematogr\u00e1fica y de contenidos interactivos y, adem\u00e1s, presta servicios de postproducci\u00f3n. Precisamente por las oportunidades de empleo que puede brindar a los estudiantes y titulados, se ha organizado, adem\u00e1s, un proceso de selecci\u00f3n, dirigido a estudiantes del \u00e1mbito de la Telecomunicaci\u00f3n, Comunicaci\u00f3n Audiovisual, Periodismo y el M\u00e1ster de Innovaci\u00f3n en Periodismo de la UMH.<\/p>\n<p>Mediapro mantiene desde el a\u00f1o pasado un convenio de colaboraci\u00f3n en materia de pr\u00e1cticas con la UMH. En virtud de este convenio, varios estudiantes de la Universidad han colaborado en la retransmisi\u00f3n de diversos partidos de primera y segunda divisi\u00f3n de la liga de futbol profesional.<\/p>\n<p>Esta actividad se enmarca en las presentaciones de empresas que suele organizar el Observatorio Ocupacional para acercar la realidad de diversas empresas a los estudiantes y titulados de la UMH. En estos eventos, representantes de firmas punteras en el panorama nacional e internacional dan a conocer sus m\u00e9todos de trabajo, su alcance internacional, sus procesos de selecci\u00f3n, condiciones laborales de sus empleados, etc. En\u00a0\u00a0 estas\u00a0\u00a0 presentaciones, los universitarios conocen de primera mano el modo de funcionar de las empresas y tienen la oportunidad de entregar el curr\u00edculum e incluso de realizar, como en este caso, entrevistas \u2018in\u00a0situ\u2019\u00a0 con personal de sus departamentos de recursos humanos.<\/p>\n","protected":false},"excerpt":{"rendered":"<p>El Observatorio Ocupacional de la Universidad Miguel Hern\u00e1ndez (UMH) de Elche ha organizado la conferencia \u201cUna nueva forma de consumir contenido y ver TV\u201d. Esta actividad\u00a0tuvo lugar\u00a0ayer jueves, 13 de diciembre, en el campus de Elche. El director de producci\u00f3n Mediapro y\u00a0director de Real Madrid TV, Mariano Rodr\u00edguez P\u00e9rez,\u00a0fue el encargado de impartir esta sesi\u00f3n. [&hellip;]<\/p>\n","protected":false},"author":1406,"featured_media":0,"comment_status":"closed","ping_status":"open","sticky":false,"template":"","format":"standard","meta":{"_links_to":"","_links_to_target":""},"categories":[112,2,207,146,102],"tags":[],"_links":{"self":[{"href":"https:\/\/gradocau.umh.es\/en\/wp-json\/wp\/v2\/posts\/3679"}],"collection":[{"href":"https:\/\/gradocau.umh.es\/en\/wp-json\/wp\/v2\/posts"}],"about":[{"href":"https:\/\/gradocau.umh.es\/en\/wp-json\/wp\/v2\/types\/post"}],"author":[{"embeddable":true,"href":"https:\/\/gradocau.umh.es\/en\/wp-json\/wp\/v2\/users\/1406"}],"replies":[{"embeddable":true,"href":"https:\/\/gradocau.umh.es\/en\/wp-json\/wp\/v2\/comments?post=3679"}],"version-history":[{"count":0,"href":"https:\/\/gradocau.umh.es\/en\/wp-json\/wp\/v2\/posts\/3679\/revisions"}],"wp:attachment":[{"href":"https:\/\/gradocau.umh.es\/en\/wp-json\/wp\/v2\/media?parent=3679"}],"wp:term":[{"taxonomy":"category","embeddable":true,"href":"https:\/\/gradocau.umh.es\/en\/wp-json\/wp\/v2\/categories?post=3679"},{"taxonomy":"post_tag","embeddable":true,"href":"https:\/\/gradocau.umh.es\/en\/wp-json\/wp\/v2\/tags?post=3679"}],"curies":[{"name":"wp","href":"https:\/\/api.w.org\/{rel}","templated":true}]}}