{"id":367,"date":"2014-10-06T12:23:50","date_gmt":"2014-10-06T12:23:50","guid":{"rendered":"http:\/\/gradocau.umh.es\/?p=367"},"modified":"2015-10-03T08:51:00","modified_gmt":"2015-10-03T08:51:00","slug":"elecciones-a-delegadoa-y-subdelegadoa-de-curso","status":"publish","type":"post","link":"https:\/\/gradocau.umh.es\/en\/2014\/10\/06\/elecciones-a-delegadoa-y-subdelegadoa-de-curso\/","title":{"rendered":"Elecciones a delegado\/a y subdelegado\/a de curso"},"content":{"rendered":"<p>El d\u00eda 30 de octubre se realizar\u00e1n las elecciones a delegado y subdelegado de curso. Las elecciones se realizar\u00e1n en horario lectivo y en el aula de clase habitual de cada curso. All\u00ed mismo se presentar\u00e1n las candidaturas y se proceder\u00e1 a la votaci\u00f3n.<\/p>\n<p><a href=\"https:\/\/universite.umh.es\/_web_rw\/boumh\/docs\/7441_RR%201419_14.pdf\" target=\"_blank\">https:\/\/universite.umh.es\/_web_rw\/boumh\/docs\/7441_RR%201419_14.pdf<\/a><\/p>\n<p>&nbsp;<\/p>\n","protected":false},"excerpt":{"rendered":"<p>El d\u00eda 30 de octubre se realizar\u00e1n las elecciones a delegado y subdelegado de curso. Las elecciones se realizar\u00e1n en horario lectivo y en el aula de clase habitual de cada curso. All\u00ed mismo se presentar\u00e1n las candidaturas y se proceder\u00e1 a la votaci\u00f3n. https:\/\/universite.umh.es\/_web_rw\/boumh\/docs\/7441_RR%201419_14.pdf &nbsp;<\/p>\n","protected":false},"author":300,"featured_media":0,"comment_status":"closed","ping_status":"open","sticky":false,"template":"","format":"standard","meta":{"_links_to":"","_links_to_target":""},"categories":[2],"tags":[28],"_links":{"self":[{"href":"https:\/\/gradocau.umh.es\/en\/wp-json\/wp\/v2\/posts\/367"}],"collection":[{"href":"https:\/\/gradocau.umh.es\/en\/wp-json\/wp\/v2\/posts"}],"about":[{"href":"https:\/\/gradocau.umh.es\/en\/wp-json\/wp\/v2\/types\/post"}],"author":[{"embeddable":true,"href":"https:\/\/gradocau.umh.es\/en\/wp-json\/wp\/v2\/users\/300"}],"replies":[{"embeddable":true,"href":"https:\/\/gradocau.umh.es\/en\/wp-json\/wp\/v2\/comments?post=367"}],"version-history":[{"count":0,"href":"https:\/\/gradocau.umh.es\/en\/wp-json\/wp\/v2\/posts\/367\/revisions"}],"wp:attachment":[{"href":"https:\/\/gradocau.umh.es\/en\/wp-json\/wp\/v2\/media?parent=367"}],"wp:term":[{"taxonomy":"category","embeddable":true,"href":"https:\/\/gradocau.umh.es\/en\/wp-json\/wp\/v2\/categories?post=367"},{"taxonomy":"post_tag","embeddable":true,"href":"https:\/\/gradocau.umh.es\/en\/wp-json\/wp\/v2\/tags?post=367"}],"curies":[{"name":"wp","href":"https:\/\/api.w.org\/{rel}","templated":true}]}}