{"id":3641,"date":"2018-11-23T08:35:29","date_gmt":"2018-11-23T08:35:29","guid":{"rendered":"http:\/\/gradocau.umh.es\/?p=3641"},"modified":"2018-11-23T08:35:29","modified_gmt":"2018-11-23T08:35:29","slug":"conferencia-de-javier-marco-el-jueves-29-a-las-18-horas-edificio-altzavares","status":"publish","type":"post","link":"https:\/\/gradocau.umh.es\/en\/2018\/11\/23\/conferencia-de-javier-marco-el-jueves-29-a-las-18-horas-edificio-altzavares\/","title":{"rendered":"Conferencia de Javier Marco, el jueves 29 a las 18 horas, edificio Altzavares."},"content":{"rendered":"<p>Conferencia de Javier Marco,\u00a0el jueves 29 a las 18 horas, estar\u00e1 moderada por Rafael Maluenda, gestor cinematogr\u00e1fico. Edificio Altzavares.<\/p>\n<p>Javier Marco es un ejemplo de c\u00f3mo comenzar una carrera en el videoclip, el spot publicitario y el cortometraje para, m\u00e1s tarde, dar el salto al largometraje con el respaldo de una productora internacional de peso. Por ello se ha organizado esta charla-coloquio con estudiantes del grado Audiovisual de la UMH, con los que compartir experiencias y consejos de cara a su futuro profesional en el medio audiovisual.\u00a0Es ingeniero de Telecomunicaci\u00f3n\u00a0por la Universidad Miguel Hern\u00e1ndez de Elche y cuenta con un postgrado en Direcci\u00f3n de Cine.\u00a0En la actualidad, prepara su primer largometraje, &#8220;Josefina&#8221;, protagonizado por la actriz Emma Su\u00e1rez (3 Premios Goya),\u00a0en una cinta con capital hispano-alem\u00e1n y presupuesto que rondar\u00e1 el mill\u00f3n y medio de euros.\u00a0Para &#8220;Josefina&#8221; ya est\u00e1n involucradas dos productoras internacionales de peso como la alemana One, Two Films, de Jamila Wenske, una de las personalidades m\u00e1s influyentes del sector, entre las diez primeras seg\u00fan el Festival de Cine de Cannes. Marco est\u00e1, adem\u00e1s, preseleccionado para los Premios \u00d3scar de Hollywood, tras obtener recientemente el Primer Premio del Festival Internacional de Bruselas con su cortometraje &#8220;Uno&#8221;.<\/p>\n","protected":false},"excerpt":{"rendered":"<p>Conferencia de Javier Marco,\u00a0el jueves 29 a las 18 horas, estar\u00e1 moderada por Rafael Maluenda, gestor cinematogr\u00e1fico. Edificio Altzavares. Javier Marco es un ejemplo de c\u00f3mo comenzar una carrera en el videoclip, el spot publicitario y el cortometraje para, m\u00e1s tarde, dar el salto al largometraje con el respaldo de una productora internacional de peso. [&hellip;]<\/p>\n","protected":false},"author":1406,"featured_media":0,"comment_status":"closed","ping_status":"open","sticky":false,"template":"","format":"standard","meta":{"_links_to":"","_links_to_target":""},"categories":[112,2,207],"tags":[],"_links":{"self":[{"href":"https:\/\/gradocau.umh.es\/en\/wp-json\/wp\/v2\/posts\/3641"}],"collection":[{"href":"https:\/\/gradocau.umh.es\/en\/wp-json\/wp\/v2\/posts"}],"about":[{"href":"https:\/\/gradocau.umh.es\/en\/wp-json\/wp\/v2\/types\/post"}],"author":[{"embeddable":true,"href":"https:\/\/gradocau.umh.es\/en\/wp-json\/wp\/v2\/users\/1406"}],"replies":[{"embeddable":true,"href":"https:\/\/gradocau.umh.es\/en\/wp-json\/wp\/v2\/comments?post=3641"}],"version-history":[{"count":0,"href":"https:\/\/gradocau.umh.es\/en\/wp-json\/wp\/v2\/posts\/3641\/revisions"}],"wp:attachment":[{"href":"https:\/\/gradocau.umh.es\/en\/wp-json\/wp\/v2\/media?parent=3641"}],"wp:term":[{"taxonomy":"category","embeddable":true,"href":"https:\/\/gradocau.umh.es\/en\/wp-json\/wp\/v2\/categories?post=3641"},{"taxonomy":"post_tag","embeddable":true,"href":"https:\/\/gradocau.umh.es\/en\/wp-json\/wp\/v2\/tags?post=3641"}],"curies":[{"name":"wp","href":"https:\/\/api.w.org\/{rel}","templated":true}]}}