{"id":3533,"date":"2018-10-01T14:41:18","date_gmt":"2018-10-01T14:41:18","guid":{"rendered":"http:\/\/gradocau.umh.es\/?p=3533"},"modified":"2018-10-01T14:41:18","modified_gmt":"2018-10-01T14:41:18","slug":"el-vicerrectorado-de-relaciones-internacionales-organiza-la-charla-entender-europa-acercar-europa-desde-la-universidad%ef%bb%bf","status":"publish","type":"post","link":"https:\/\/gradocau.umh.es\/en\/2018\/10\/01\/el-vicerrectorado-de-relaciones-internacionales-organiza-la-charla-entender-europa-acercar-europa-desde-la-universidad%ef%bb%bf\/","title":{"rendered":"El Vicerrectorado de Relaciones Internacionales organiza la charla \u201cEntender Europa, acercar Europa desde la Universidad\u201d\ufeff"},"content":{"rendered":"<p><a href=\"http:\/\/gradocau.umh.es\/files\/2018\/10\/cartel-evento-comisi\u00f3n-europea.jpg\"><img loading=\"lazy\" class=\"  wp-image-3534 alignright\" src=\"http:\/\/gradocau.umh.es\/files\/2018\/10\/cartel-evento-comisi\u00f3n-europea-724x1024.jpg\" alt=\"cartel evento comisi\u00f3n europea\" width=\"195\" height=\"276\" srcset=\"https:\/\/gradocau.umh.es\/files\/2018\/10\/cartel-evento-comisi\u00f3n-europea-724x1024.jpg 724w, https:\/\/gradocau.umh.es\/files\/2018\/10\/cartel-evento-comisi\u00f3n-europea-212x300.jpg 212w, https:\/\/gradocau.umh.es\/files\/2018\/10\/cartel-evento-comisi\u00f3n-europea.jpg 1587w\" sizes=\"(max-width: 195px) 100vw, 195px\" \/><\/a>El Vicerrectorado de Relaciones Internacionales de la Universidad Miguel Hern\u00e1ndez (UMH) de Elche organiza la presentaci\u00f3n \u201cEntender Europa, acercar Europa desde la universidad\u201d que realizar\u00e1 la experta en comunicaci\u00f3n de la Uni\u00f3n Europea Camelia Paraschiv. El acto ser\u00e1 el cinco de octubre a las 11:00 en el Aula 1.2 del edificio Arenals. La presentaci\u00f3n versar\u00e1 sobre la pol\u00edtica de comunicaci\u00f3n en la Uni\u00f3n Europea y su relevancia a nivel global.<\/p>\n<p>Camelia Paraschiv, licenciada en Comunicaci\u00f3n y Relaciones P\u00fablicas, es experta en comunicaci\u00f3n, asuntos europeas y relaciones internacionales y tiene 10 a\u00f1os de experiencia profesional a nivel internacional. Actualmente trabaja en la Comisi\u00f3n Europea en Bruselas en temas de comunicaci\u00f3n, relaciones con la prensa, an\u00e1lisis pol\u00edtica e implementaci\u00f3n de proyectos europeas. Durante su trayectoria acad\u00e9mica, Camelia se form\u00f3 en la UMH en 2007 gracias al programa Erasmus.<\/p>\n<p>Por la naturaleza de los temas que se abordar\u00e1n, se recomienda la participaci\u00f3n de estudiantes de los grado de Periodismo, Comunicaci\u00f3n Audiovisual, Derecho, Administraci\u00f3n y Direcci\u00f3n de Empresas y Ciencias Pol\u00edticas.<\/p>\n","protected":false},"excerpt":{"rendered":"<p>El Vicerrectorado de Relaciones Internacionales de la Universidad Miguel Hern\u00e1ndez (UMH) de Elche organiza la presentaci\u00f3n \u201cEntender Europa, acercar Europa desde la universidad\u201d que realizar\u00e1 la experta en comunicaci\u00f3n de la Uni\u00f3n Europea Camelia Paraschiv. El acto ser\u00e1 el cinco de octubre a las 11:00 en el Aula 1.2 del edificio Arenals. La presentaci\u00f3n versar\u00e1 [&hellip;]<\/p>\n","protected":false},"author":1406,"featured_media":0,"comment_status":"closed","ping_status":"open","sticky":false,"template":"","format":"standard","meta":{"_links_to":"","_links_to_target":""},"categories":[2,207],"tags":[],"_links":{"self":[{"href":"https:\/\/gradocau.umh.es\/en\/wp-json\/wp\/v2\/posts\/3533"}],"collection":[{"href":"https:\/\/gradocau.umh.es\/en\/wp-json\/wp\/v2\/posts"}],"about":[{"href":"https:\/\/gradocau.umh.es\/en\/wp-json\/wp\/v2\/types\/post"}],"author":[{"embeddable":true,"href":"https:\/\/gradocau.umh.es\/en\/wp-json\/wp\/v2\/users\/1406"}],"replies":[{"embeddable":true,"href":"https:\/\/gradocau.umh.es\/en\/wp-json\/wp\/v2\/comments?post=3533"}],"version-history":[{"count":0,"href":"https:\/\/gradocau.umh.es\/en\/wp-json\/wp\/v2\/posts\/3533\/revisions"}],"wp:attachment":[{"href":"https:\/\/gradocau.umh.es\/en\/wp-json\/wp\/v2\/media?parent=3533"}],"wp:term":[{"taxonomy":"category","embeddable":true,"href":"https:\/\/gradocau.umh.es\/en\/wp-json\/wp\/v2\/categories?post=3533"},{"taxonomy":"post_tag","embeddable":true,"href":"https:\/\/gradocau.umh.es\/en\/wp-json\/wp\/v2\/tags?post=3533"}],"curies":[{"name":"wp","href":"https:\/\/api.w.org\/{rel}","templated":true}]}}