{"id":3529,"date":"2018-09-26T10:29:00","date_gmt":"2018-09-26T10:29:00","guid":{"rendered":"http:\/\/gradocau.umh.es\/?p=3529"},"modified":"2018-09-26T10:29:00","modified_gmt":"2018-09-26T10:29:00","slug":"lugares-de-imparticion-del-seminario-5-y-accion","status":"publish","type":"post","link":"https:\/\/gradocau.umh.es\/en\/2018\/09\/26\/lugares-de-imparticion-del-seminario-5-y-accion\/","title":{"rendered":"Lugares de impartici\u00f3n del Seminario 5 y acci\u00f3n"},"content":{"rendered":"<p>Recordamos a los estudiantes que asistir\u00e1n al Seminario 5 y acci\u00f3n que:<\/p>\n<p><span style=\"font-family: Arial; font-size: large;\">El viernes en el\u00a0turno de ma\u00f1ana (de 10:00 a 14:00), todas las sesiones se impartir\u00e1n en el aula 0.2 del edificio Arenales, excepto el d\u00eda 9 de noviembre que se impartir\u00e1 en el aula 2.1 del edificio La Galia. <\/span><\/p>\n<p><span style=\"font-family: Arial; font-size: large;\">El viernes turno de tarde (de 15:00 a 19:00), todas las sesiones se impartir\u00e1n en el aula Rosa Mar\u00eda Calaf del edificio Atzavares.<\/p>\n<p>Para ambos turnos, la sesi\u00f3n del d\u00eda 10 de mayo de 2019 ser\u00e1 en el sal\u00f3n de grados del edificio Arenales.<\/p>\n<p>Para ambos turnos, el visionado p\u00fablico con el que finaliza el seminario tendr\u00e1 lugar el d\u00eda 24 de mayo de 2019 en el sal\u00f3n de grados del edificio Arenales.<\/span><\/p>\n","protected":false},"excerpt":{"rendered":"<p>Recordamos a los estudiantes que asistir\u00e1n al Seminario 5 y acci\u00f3n que: El viernes en el\u00a0turno de ma\u00f1ana (de 10:00 a 14:00), todas las sesiones se impartir\u00e1n en el aula 0.2 del edificio Arenales, excepto el d\u00eda 9 de noviembre que se impartir\u00e1 en el aula 2.1 del edificio La Galia. El viernes turno de [&hellip;]<\/p>\n","protected":false},"author":1406,"featured_media":0,"comment_status":"closed","ping_status":"open","sticky":false,"template":"","format":"standard","meta":{"_links_to":"","_links_to_target":""},"categories":[112,2],"tags":[],"_links":{"self":[{"href":"https:\/\/gradocau.umh.es\/en\/wp-json\/wp\/v2\/posts\/3529"}],"collection":[{"href":"https:\/\/gradocau.umh.es\/en\/wp-json\/wp\/v2\/posts"}],"about":[{"href":"https:\/\/gradocau.umh.es\/en\/wp-json\/wp\/v2\/types\/post"}],"author":[{"embeddable":true,"href":"https:\/\/gradocau.umh.es\/en\/wp-json\/wp\/v2\/users\/1406"}],"replies":[{"embeddable":true,"href":"https:\/\/gradocau.umh.es\/en\/wp-json\/wp\/v2\/comments?post=3529"}],"version-history":[{"count":0,"href":"https:\/\/gradocau.umh.es\/en\/wp-json\/wp\/v2\/posts\/3529\/revisions"}],"wp:attachment":[{"href":"https:\/\/gradocau.umh.es\/en\/wp-json\/wp\/v2\/media?parent=3529"}],"wp:term":[{"taxonomy":"category","embeddable":true,"href":"https:\/\/gradocau.umh.es\/en\/wp-json\/wp\/v2\/categories?post=3529"},{"taxonomy":"post_tag","embeddable":true,"href":"https:\/\/gradocau.umh.es\/en\/wp-json\/wp\/v2\/tags?post=3529"}],"curies":[{"name":"wp","href":"https:\/\/api.w.org\/{rel}","templated":true}]}}