{"id":3510,"date":"2018-09-24T07:20:34","date_gmt":"2018-09-24T07:20:34","guid":{"rendered":"http:\/\/gradocau.umh.es\/?p=3510"},"modified":"2018-09-24T07:20:34","modified_gmt":"2018-09-24T07:20:34","slug":"visual-buit-ii-premio-de-produccion-audiovisual-2018-centro-cultural-las-cigarreras","status":"publish","type":"post","link":"https:\/\/gradocau.umh.es\/en\/2018\/09\/24\/visual-buit-ii-premio-de-produccion-audiovisual-2018-centro-cultural-las-cigarreras\/","title":{"rendered":"VISUAL BUIT. II Premio de Producci\u00f3n Audiovisual 2018 Centro Cultural Las Cigarreras"},"content":{"rendered":"<p>Tiene como objetivo una ayuda econ\u00f3mica, con de fin favorecer la creaci\u00f3n de un tejido creativo novel \/ alternativo alicantino para unir y dar visibilidad al total de un colectivo que genere nuevas y originales ideas, con vistas a ser parte de los circuitos profesionales.<\/p>\n<p>La Concejal\u00eda de Cultura conceder\u00e1 tres premios de 2.000,00 \u20ac a cada uno de los proyectos seleccionados.<\/p>\n<h4>El plazo de presentaci\u00f3n comienza ma\u00f1ana y se extender\u00e1 hasta el\u00a026 de octubre.<\/h4>\n<p>La Concejal\u00eda de Cultura habilita un <a href=\"http:\/\/www.alicante.es\/es\/formularios\/formulario-presentacion-proyectos-del-ii-premio-produccion-audiovisual-ciutat-dalacant\" target=\"_blank\"><strong>formulario web<\/strong><\/a> para la presentaci\u00f3n de los proyectos.<\/p>\n<p>Cada participante podr\u00e1 presentar un m\u00e1ximo de dos proyectos que se encuentren en proceso de creaci\u00f3n o que todav\u00eda no se hayan iniciado, abarcando cualquier g\u00e9nero, tanto de ficci\u00f3n como de no ficci\u00f3n y tanto de imagen real como de animaci\u00f3n. <a href=\"http:\/\/www.alicante.es\/sites\/default\/files\/documentos\/tramites\/visual-buit-ii-premio-produccion-audiovisual-2018-centro-cultural-cigarreras\/bases-visual-buit-2018.pdf\" target=\"_blank\"><strong>M\u00e1s informaci\u00f3n en las bases<\/strong><\/a><\/p>\n<p>La primera edici\u00f3n cont\u00f3 con una veintena de propuestas presentadas, de las que fueron premiadas,\u00a0Jaibo Films\u00a0con Miss Mbulu,\u00a0Beatriz Hern\u00e1ndez Garc\u00eda con\u00a0Brexit y\u00a0Rafael Giner S\u00e1nchez con R31<\/p>\n","protected":false},"excerpt":{"rendered":"<p>Tiene como objetivo una ayuda econ\u00f3mica, con de fin favorecer la creaci\u00f3n de un tejido creativo novel \/ alternativo alicantino para unir y dar visibilidad al total de un colectivo que genere nuevas y originales ideas, con vistas a ser parte de los circuitos profesionales. La Concejal\u00eda de Cultura conceder\u00e1 tres premios de 2.000,00 \u20ac [&hellip;]<\/p>\n","protected":false},"author":1406,"featured_media":0,"comment_status":"closed","ping_status":"open","sticky":false,"template":"","format":"standard","meta":{"_links_to":"","_links_to_target":""},"categories":[2,24],"tags":[],"_links":{"self":[{"href":"https:\/\/gradocau.umh.es\/en\/wp-json\/wp\/v2\/posts\/3510"}],"collection":[{"href":"https:\/\/gradocau.umh.es\/en\/wp-json\/wp\/v2\/posts"}],"about":[{"href":"https:\/\/gradocau.umh.es\/en\/wp-json\/wp\/v2\/types\/post"}],"author":[{"embeddable":true,"href":"https:\/\/gradocau.umh.es\/en\/wp-json\/wp\/v2\/users\/1406"}],"replies":[{"embeddable":true,"href":"https:\/\/gradocau.umh.es\/en\/wp-json\/wp\/v2\/comments?post=3510"}],"version-history":[{"count":0,"href":"https:\/\/gradocau.umh.es\/en\/wp-json\/wp\/v2\/posts\/3510\/revisions"}],"wp:attachment":[{"href":"https:\/\/gradocau.umh.es\/en\/wp-json\/wp\/v2\/media?parent=3510"}],"wp:term":[{"taxonomy":"category","embeddable":true,"href":"https:\/\/gradocau.umh.es\/en\/wp-json\/wp\/v2\/categories?post=3510"},{"taxonomy":"post_tag","embeddable":true,"href":"https:\/\/gradocau.umh.es\/en\/wp-json\/wp\/v2\/tags?post=3510"}],"curies":[{"name":"wp","href":"https:\/\/api.w.org\/{rel}","templated":true}]}}