{"id":3305,"date":"2018-04-23T08:21:38","date_gmt":"2018-04-23T08:21:38","guid":{"rendered":"http:\/\/gradocau.umh.es\/?p=3305"},"modified":"2018-04-23T08:21:50","modified_gmt":"2018-04-23T08:21:50","slug":"oncurso-de-cortometraje-documental-musical","status":"publish","type":"post","link":"https:\/\/gradocau.umh.es\/en\/2018\/04\/23\/oncurso-de-cortometraje-documental-musical\/","title":{"rendered":"Concurso de Cortometraje Documental Musical"},"content":{"rendered":"<p>Se convoca\u00a0el\u00a0<strong>Concurso de Cortometraje Documental Musical<\/strong>\u00a0para que autores de\u00a0<strong>18 a 30 a\u00f1os<\/strong>\u00a0puedan hacer llegar sus creaciones de minidocumentales musicales. El concurso cuenta con el apoyo de Fundaci\u00f3n SGAE y la colaboraci\u00f3n de medios y entidades como Betev\u00e9, CCCB y\u00a0Facultat de Comunicaci\u00f3 i Relacions Internacionals Blanquera. Universitat Ramon Llull.<\/p>\n<p>El Festival In-Edit, de cine documental musical de Barcelona, sigue apostando por apoyar al talento y al p\u00fablico joven, y es por eso que este a\u00f1o celebrar\u00e1 la segunda edici\u00f3n de<a href=\"redir.aspx?C=9hCdAmCoVEyyhGeTt7SGsDkli5FyrtUITQj2INU5FRkHJ2n4vP0sVcpENo1se5kofl6htdqHf1Q.&amp;URL=http%3a%2f%2fes.in-edit.org%2fshorts%2f\">\u00a0<strong>IN-EDIT SHORTS<\/strong><\/a>\u00a0con su \u00a0competici\u00f3n de Talento Joven, cuyos ejes b\u00e1sicos son la atenci\u00f3n al formato de minidocumental musical y el apoyo a la creaci\u00f3n para menores de 30 a\u00f1os.<\/p>\n<p>\u200bDe esta manera el Festival In-Edit incentiva\u00a0la producci\u00f3n local y aumenta la visibilidad del joven talento nacional<\/p>\n<p>M\u00e1s info en:\u00a0<a href=\"http:\/\/www.in-edit.org\/webapp\/submissions\" target=\"_blank\">http:\/\/www.in-edit.org\/webapp\/submissions<\/a><\/p>\n","protected":false},"excerpt":{"rendered":"<p>Se convoca\u00a0el\u00a0Concurso de Cortometraje Documental Musical\u00a0para que autores de\u00a018 a 30 a\u00f1os\u00a0puedan hacer llegar sus creaciones de minidocumentales musicales. El concurso cuenta con el apoyo de Fundaci\u00f3n SGAE y la colaboraci\u00f3n de medios y entidades como Betev\u00e9, CCCB y\u00a0Facultat de Comunicaci\u00f3 i Relacions Internacionals Blanquera. Universitat Ramon Llull. El Festival In-Edit, de cine documental musical [&hellip;]<\/p>\n","protected":false},"author":1406,"featured_media":0,"comment_status":"closed","ping_status":"open","sticky":false,"template":"","format":"standard","meta":{"_links_to":"","_links_to_target":""},"categories":[2,24],"tags":[],"_links":{"self":[{"href":"https:\/\/gradocau.umh.es\/en\/wp-json\/wp\/v2\/posts\/3305"}],"collection":[{"href":"https:\/\/gradocau.umh.es\/en\/wp-json\/wp\/v2\/posts"}],"about":[{"href":"https:\/\/gradocau.umh.es\/en\/wp-json\/wp\/v2\/types\/post"}],"author":[{"embeddable":true,"href":"https:\/\/gradocau.umh.es\/en\/wp-json\/wp\/v2\/users\/1406"}],"replies":[{"embeddable":true,"href":"https:\/\/gradocau.umh.es\/en\/wp-json\/wp\/v2\/comments?post=3305"}],"version-history":[{"count":0,"href":"https:\/\/gradocau.umh.es\/en\/wp-json\/wp\/v2\/posts\/3305\/revisions"}],"wp:attachment":[{"href":"https:\/\/gradocau.umh.es\/en\/wp-json\/wp\/v2\/media?parent=3305"}],"wp:term":[{"taxonomy":"category","embeddable":true,"href":"https:\/\/gradocau.umh.es\/en\/wp-json\/wp\/v2\/categories?post=3305"},{"taxonomy":"post_tag","embeddable":true,"href":"https:\/\/gradocau.umh.es\/en\/wp-json\/wp\/v2\/tags?post=3305"}],"curies":[{"name":"wp","href":"https:\/\/api.w.org\/{rel}","templated":true}]}}