{"id":3242,"date":"2018-02-28T18:47:54","date_gmt":"2018-02-28T18:47:54","guid":{"rendered":"http:\/\/gradocau.umh.es\/?p=3242"},"modified":"2018-02-28T18:47:54","modified_gmt":"2018-02-28T18:47:54","slug":"convocatoria-isfp-2018-international-student-film-project-en-mexico-y-portugal","status":"publish","type":"post","link":"https:\/\/gradocau.umh.es\/en\/2018\/02\/28\/convocatoria-isfp-2018-international-student-film-project-en-mexico-y-portugal\/","title":{"rendered":"Convocatoria ISFP 2018, International Student Film Project en M\u00e9xico y Portugal"},"content":{"rendered":"<p>Se abre la convocatoria para que los estudiantes de los Grados en Comunicaci\u00f3n Audiovisual y Periodismo presenten sus candidaturas para el <strong>INTERNATIONAL STUDENT FILM PROJECT:\u00a0UDCI-UMH 2018 y UBI-UMH\u00a02018<\/strong>.<\/p>\n<p>En esta ocasi\u00f3n, la edici\u00f3n se celebrar\u00e1 simult\u00e1neamente en la Universidad de las Californias Internaciona, M\u00e9xico, y en la Universidades Beira Interior, Portugal, pero en cada universidad se desarrollar\u00e1n proyectos independientes que se detallan en los siguientes documentos:<\/p>\n<p style=\"text-align: center;\"><strong>UBI-UMH\u00a02018\u00a0<\/strong>\u00a0<a href=\"http:\/\/gradocau.umh.es\/files\/2018\/02\/Convocatoria-Student-Film-Project-julio_2018-UBI-UMH.pdf\">Convocatoria Student Film Project julio_2018 UBI-UMH<\/a><\/p>\n<p style=\"text-align: center;\"><strong>UDCI-UMH 2018\u00a0<\/strong><a href=\"http:\/\/gradocau.umh.es\/files\/2018\/02\/Convocatoria-Student-Film-Project-julio_2018-UDCI-UMH.pdf\">Convocatoria Student Film Project julio_2018 UDCI-UMH<\/a><\/p>\n<p>&nbsp;<\/p>\n<p>Para optar al programa, la estudiante o el estudiante debe cumplimentar y enviar este formulario:<\/p>\n<p><a href=\"https:\/\/drive.google.com\/open?id=1Romta3o8ry-gw40aMpVPia1Vn16MSgZ_5dPGl91pzYE\" target=\"_blank\"><strong>https:\/\/drive.google.com\/open?id=1Romta3o8ry-gw40aMpVPia1Vn16MSgZ_5dPGl91pzYE<\/strong><\/a><\/p>\n<p>La fecha de cierre de la convocatoria es el 18 de marzo de 2018.<\/p>\n<p>Se celebrar\u00e1 una<strong> reuni\u00f3n informativa el martes 6 de marzo a las 14:45 en el aula 3 de Atzavares.<\/strong><\/p>\n<p>Cualquier duda, dirigirse a bivars@umh.es<\/p>\n","protected":false},"excerpt":{"rendered":"<p>Se abre la convocatoria para que los estudiantes de los Grados en Comunicaci\u00f3n Audiovisual y Periodismo presenten sus candidaturas para el INTERNATIONAL STUDENT FILM PROJECT:\u00a0UDCI-UMH 2018 y UBI-UMH\u00a02018. En esta ocasi\u00f3n, la edici\u00f3n se celebrar\u00e1 simult\u00e1neamente en la Universidad de las Californias Internaciona, M\u00e9xico, y en la Universidades Beira Interior, Portugal, pero en cada universidad [&hellip;]<\/p>\n","protected":false},"author":662,"featured_media":0,"comment_status":"closed","ping_status":"open","sticky":false,"template":"","format":"standard","meta":{"_links_to":"","_links_to_target":""},"categories":[1],"tags":[],"_links":{"self":[{"href":"https:\/\/gradocau.umh.es\/en\/wp-json\/wp\/v2\/posts\/3242"}],"collection":[{"href":"https:\/\/gradocau.umh.es\/en\/wp-json\/wp\/v2\/posts"}],"about":[{"href":"https:\/\/gradocau.umh.es\/en\/wp-json\/wp\/v2\/types\/post"}],"author":[{"embeddable":true,"href":"https:\/\/gradocau.umh.es\/en\/wp-json\/wp\/v2\/users\/662"}],"replies":[{"embeddable":true,"href":"https:\/\/gradocau.umh.es\/en\/wp-json\/wp\/v2\/comments?post=3242"}],"version-history":[{"count":0,"href":"https:\/\/gradocau.umh.es\/en\/wp-json\/wp\/v2\/posts\/3242\/revisions"}],"wp:attachment":[{"href":"https:\/\/gradocau.umh.es\/en\/wp-json\/wp\/v2\/media?parent=3242"}],"wp:term":[{"taxonomy":"category","embeddable":true,"href":"https:\/\/gradocau.umh.es\/en\/wp-json\/wp\/v2\/categories?post=3242"},{"taxonomy":"post_tag","embeddable":true,"href":"https:\/\/gradocau.umh.es\/en\/wp-json\/wp\/v2\/tags?post=3242"}],"curies":[{"name":"wp","href":"https:\/\/api.w.org\/{rel}","templated":true}]}}