{"id":3239,"date":"2018-02-28T10:45:32","date_gmt":"2018-02-28T10:45:32","guid":{"rendered":"http:\/\/gradocau.umh.es\/?p=3239"},"modified":"2018-02-28T10:46:23","modified_gmt":"2018-02-28T10:46:23","slug":"seminario-experiencias-en-las-televisones-locales-de-la-provincia-de-alicante","status":"publish","type":"post","link":"https:\/\/gradocau.umh.es\/en\/2018\/02\/28\/seminario-experiencias-en-las-televisones-locales-de-la-provincia-de-alicante\/","title":{"rendered":"SEMINARIO \u201cEXPERIENCIAS  EN LAS TELEVISONES LOCALES DE LA PROVINCIA DE ALICANTE"},"content":{"rendered":"<p>La asignatura Historia de los Medios Audiovisuales II ha organizado dos seminarios formativos. El primero, <em>Experiencias en las televisiones locales de la provincia de Alicante,<\/em> ser\u00e1 el lunes 26 de marzo a las 19 horas; y el segundo, <em>Experiencias en las radios locales del Medio Vinalop\u00f3<\/em>, el ser\u00e1 el lunes 16 de abril a las 19 horas.<\/p>\n<p>LUNES 26 MARZO 2018. 19:00 horas. SEMINARIO FORMATIVO: \u201cEXPERIENCIAS\u00a0 EN LAS TELEVISONES LOCALES DE LA PROVINCIA DE ALICANTE\u201d, a cargo de <strong>Maje Amor\u00f3s S\u00e1ez<\/strong><\/p>\n<p>Maje Amor\u00f3s S\u00e1ez es directora de tres de las televisiones locales de la empresa de telecomunicaci\u00f3n Cableworld; Tele Novelda, Aspe Televisi\u00f3n y Tele Agost. Mujer de comunicaci\u00f3n desde siempre, ha trabajado durante muchos a\u00f1os en radio y televisi\u00f3n, y en la actualidad de dedica a la televisi\u00f3n exclusivamente. En la radio ha sido locutora: Radio Novelda,\u00a0 Novelda R\u00e0dio Emissora Municipal. Radio Vinalop\u00f3 Cadena Ser. Los 40 Principales Valle de Elda. Radio Elche 40 Principales. Radio Ciudad Cadena 100 y Elda Fm. Y en televisi\u00f3n, ha trabajado en: Tele Novelda. Elche Televisi\u00f3n. Y vuelta definitivamente a Tele Novelda, donde en la actualidad es Directora de Programaci\u00f3n. Su labor consiste en coordinar y marcar l\u00edneas de estilo en lo que producen y programan. Creando todo tipo de campa\u00f1as publicitarias para sus clientes y para la empresa y obra social a todos los niveles.<\/p>\n<p>LUNES 16 ABRIL 2018. 19:00 horas. SEMINARIO FORMATIVO: \u201cEXPERIENCIAS EN LAS RADIOS LOCALES DEL MEDIO VINALOP\u00d3\u201d, a cargo de\u00a0<strong>Manuel Ben\u00edtez Bolorinos. <\/strong><\/p>\n<p>Manuel Ben\u00edtez Bolorinos es director de Informativos de Radio Aspe. En el \u00e1mbito period\u00edstico: Director de Informativos de Radio Aspe y redactor jefe de la revista Valle de las Uvas. En el \u00e1mbito universitario: profesor asociado del Departamento de Historia Medieval e Historia Moderna de la UA y doctor en Historia. Su campo de investigaci\u00f3n son las relaciones entre la monarqu\u00eda aragonesa y las ciudades del reino de Valencia en tiempos de Jaime II, el mundo urbano en el reino de Valencia, la comarca del Vinalop\u00f3 en la baja Edad Media, adem\u00e1s de historia y cine.<\/p>\n","protected":false},"excerpt":{"rendered":"<p>La asignatura Historia de los Medios Audiovisuales II ha organizado dos seminarios formativos. El primero, Experiencias en las televisiones locales de la provincia de Alicante, ser\u00e1 el lunes 26 de marzo a las 19 horas; y el segundo, Experiencias en las radios locales del Medio Vinalop\u00f3, el ser\u00e1 el lunes 16 de abril a las [&hellip;]<\/p>\n","protected":false},"author":1406,"featured_media":0,"comment_status":"closed","ping_status":"open","sticky":false,"template":"","format":"standard","meta":{"_links_to":"","_links_to_target":""},"categories":[2,102],"tags":[],"_links":{"self":[{"href":"https:\/\/gradocau.umh.es\/en\/wp-json\/wp\/v2\/posts\/3239"}],"collection":[{"href":"https:\/\/gradocau.umh.es\/en\/wp-json\/wp\/v2\/posts"}],"about":[{"href":"https:\/\/gradocau.umh.es\/en\/wp-json\/wp\/v2\/types\/post"}],"author":[{"embeddable":true,"href":"https:\/\/gradocau.umh.es\/en\/wp-json\/wp\/v2\/users\/1406"}],"replies":[{"embeddable":true,"href":"https:\/\/gradocau.umh.es\/en\/wp-json\/wp\/v2\/comments?post=3239"}],"version-history":[{"count":0,"href":"https:\/\/gradocau.umh.es\/en\/wp-json\/wp\/v2\/posts\/3239\/revisions"}],"wp:attachment":[{"href":"https:\/\/gradocau.umh.es\/en\/wp-json\/wp\/v2\/media?parent=3239"}],"wp:term":[{"taxonomy":"category","embeddable":true,"href":"https:\/\/gradocau.umh.es\/en\/wp-json\/wp\/v2\/categories?post=3239"},{"taxonomy":"post_tag","embeddable":true,"href":"https:\/\/gradocau.umh.es\/en\/wp-json\/wp\/v2\/tags?post=3239"}],"curies":[{"name":"wp","href":"https:\/\/api.w.org\/{rel}","templated":true}]}}