{"id":3186,"date":"2018-01-25T09:25:24","date_gmt":"2018-01-25T09:25:24","guid":{"rendered":"http:\/\/gradocau.umh.es\/?p=3186"},"modified":"2018-01-25T09:25:24","modified_gmt":"2018-01-25T09:25:24","slug":"el-nuevo-programa-de-television-del-twist-al-tuit-busca-protagonistas","status":"publish","type":"post","link":"https:\/\/gradocau.umh.es\/en\/2018\/01\/25\/el-nuevo-programa-de-television-del-twist-al-tuit-busca-protagonistas\/","title":{"rendered":"EL NUEVO PROGRAMA DE TELEVISI\u00d3N DEL TWIST AL TUIT BUSCA PROTAGONISTAS"},"content":{"rendered":"<p>Del Twist al Tuit es uno de los espacios que compondr\u00e1n la parrilla de A Punt, la nueva televisi\u00f3n de la Comunidad Valenciana. Se trata de un programa de contraste generacional, donde los j\u00f3venes hablar\u00e1n con sus abuelos y abuelas sobre nuevas tendencias, compar\u00e1ndolas con las que se llevaban en la \u00e9poca de los m\u00e1s mayores. Una excelente oportunidad de aprendizaje mutuo que se mostrar\u00e1 desde un punto de vista positivo y distendido.<\/p>\n<p>Ahora buscan participantes, j\u00f3venes valencianos entre 18 y 25 a\u00f1os, activos en redes sociales y con alguna caracter\u00edstica que los defina, como la pasi\u00f3n por la modo, el mundo <em>gamer<\/em> o la pr\u00e1ctica de nuevos deportes. Y, claro est\u00e1, que tenga un abuelo o abuela divertido y bromista, dispuesto a gozar de una experiencia inolvidable en televisi\u00f3n.<\/p>\n<p><span style=\"color: #000000;\">Los interesados pueden ponerse en contacto con la productora a trav\u00e9s de los tel\u00e9fonos 669 581 552 y 696 815 649 o escribiendo un mail al correo <a style=\"color: #000000;\" href=\"mailto:deltwistaltuit@apuntmedia.es\">deltwistaltuit@apuntmedia.es<\/a> <\/span><\/p>\n","protected":false},"excerpt":{"rendered":"<p>Del Twist al Tuit es uno de los espacios que compondr\u00e1n la parrilla de A Punt, la nueva televisi\u00f3n de la Comunidad Valenciana. Se trata de un programa de contraste generacional, donde los j\u00f3venes hablar\u00e1n con sus abuelos y abuelas sobre nuevas tendencias, compar\u00e1ndolas con las que se llevaban en la \u00e9poca de los m\u00e1s [&hellip;]<\/p>\n","protected":false},"author":1406,"featured_media":0,"comment_status":"closed","ping_status":"open","sticky":false,"template":"","format":"standard","meta":{"_links_to":"","_links_to_target":""},"categories":[2,1],"tags":[],"_links":{"self":[{"href":"https:\/\/gradocau.umh.es\/en\/wp-json\/wp\/v2\/posts\/3186"}],"collection":[{"href":"https:\/\/gradocau.umh.es\/en\/wp-json\/wp\/v2\/posts"}],"about":[{"href":"https:\/\/gradocau.umh.es\/en\/wp-json\/wp\/v2\/types\/post"}],"author":[{"embeddable":true,"href":"https:\/\/gradocau.umh.es\/en\/wp-json\/wp\/v2\/users\/1406"}],"replies":[{"embeddable":true,"href":"https:\/\/gradocau.umh.es\/en\/wp-json\/wp\/v2\/comments?post=3186"}],"version-history":[{"count":0,"href":"https:\/\/gradocau.umh.es\/en\/wp-json\/wp\/v2\/posts\/3186\/revisions"}],"wp:attachment":[{"href":"https:\/\/gradocau.umh.es\/en\/wp-json\/wp\/v2\/media?parent=3186"}],"wp:term":[{"taxonomy":"category","embeddable":true,"href":"https:\/\/gradocau.umh.es\/en\/wp-json\/wp\/v2\/categories?post=3186"},{"taxonomy":"post_tag","embeddable":true,"href":"https:\/\/gradocau.umh.es\/en\/wp-json\/wp\/v2\/tags?post=3186"}],"curies":[{"name":"wp","href":"https:\/\/api.w.org\/{rel}","templated":true}]}}