{"id":3116,"date":"2017-12-07T08:49:47","date_gmt":"2017-12-07T08:49:47","guid":{"rendered":"http:\/\/gradocau.umh.es\/?p=3116"},"modified":"2017-12-07T08:49:47","modified_gmt":"2017-12-07T08:49:47","slug":"quieres-ir-de-publico-al-programa-a-punt","status":"publish","type":"post","link":"https:\/\/gradocau.umh.es\/en\/2017\/12\/07\/quieres-ir-de-publico-al-programa-a-punt\/","title":{"rendered":"\u00bfQuieres ir de p\u00fablico al programa \u00c0 Punt?"},"content":{"rendered":"<p>\u00bfQuieres ir de oyente al programa \u00c0 Punt? Si te animas la cita ser\u00e1 el\u00a0viernes 15 de diciembre de 10:00 a 13:00 horas de la ma\u00f1ana, en la sala Miguel Hern\u00e1ndez de la sede <a href=\"https:\/\/www.google.com\/maps?q=Ciudad+de+Alicante,+Av.+Dr.+Ram%C3%B3n+y+Cajal,+n%C3%BAmero+4&amp;entry=gmail&amp;source=g\" target=\"_blank\">Ciudad de Alicante, Av. Dr. Ram\u00f3n y Cajal, n\u00famero 4<\/a>.<\/p>\n","protected":false},"excerpt":{"rendered":"<p>\u00bfQuieres ir de oyente al programa \u00c0 Punt? Si te animas la cita ser\u00e1 el\u00a0viernes 15 de diciembre de 10:00 a 13:00 horas de la ma\u00f1ana, en la sala Miguel Hern\u00e1ndez de la sede Ciudad de Alicante, Av. Dr. Ram\u00f3n y Cajal, n\u00famero 4.<\/p>\n","protected":false},"author":1406,"featured_media":0,"comment_status":"closed","ping_status":"open","sticky":false,"template":"","format":"standard","meta":{"_links_to":"","_links_to_target":""},"categories":[2],"tags":[],"_links":{"self":[{"href":"https:\/\/gradocau.umh.es\/en\/wp-json\/wp\/v2\/posts\/3116"}],"collection":[{"href":"https:\/\/gradocau.umh.es\/en\/wp-json\/wp\/v2\/posts"}],"about":[{"href":"https:\/\/gradocau.umh.es\/en\/wp-json\/wp\/v2\/types\/post"}],"author":[{"embeddable":true,"href":"https:\/\/gradocau.umh.es\/en\/wp-json\/wp\/v2\/users\/1406"}],"replies":[{"embeddable":true,"href":"https:\/\/gradocau.umh.es\/en\/wp-json\/wp\/v2\/comments?post=3116"}],"version-history":[{"count":0,"href":"https:\/\/gradocau.umh.es\/en\/wp-json\/wp\/v2\/posts\/3116\/revisions"}],"wp:attachment":[{"href":"https:\/\/gradocau.umh.es\/en\/wp-json\/wp\/v2\/media?parent=3116"}],"wp:term":[{"taxonomy":"category","embeddable":true,"href":"https:\/\/gradocau.umh.es\/en\/wp-json\/wp\/v2\/categories?post=3116"},{"taxonomy":"post_tag","embeddable":true,"href":"https:\/\/gradocau.umh.es\/en\/wp-json\/wp\/v2\/tags?post=3116"}],"curies":[{"name":"wp","href":"https:\/\/api.w.org\/{rel}","templated":true}]}}