{"id":3102,"date":"2017-11-21T09:55:14","date_gmt":"2017-11-21T09:55:14","guid":{"rendered":"http:\/\/gradocau.umh.es\/?p=3102"},"modified":"2022-07-13T08:23:47","modified_gmt":"2022-07-13T08:23:47","slug":"iv-seminario-de-creatividad-y-lenguaje-audiovisual-exclusivo-para-alumnos-de-2o-curso-del-grado-en-cau","status":"publish","type":"post","link":"https:\/\/gradocau.umh.es\/en\/2017\/11\/21\/iv-seminario-de-creatividad-y-lenguaje-audiovisual-exclusivo-para-alumnos-de-2o-curso-del-grado-en-cau\/","title":{"rendered":"IV Seminario de Creatividad y Lenguaje Audiovisual, exclusivo para alumnos de 2\u00ba curso del Grado en CAU"},"content":{"rendered":"<p><\/p>\n<p class=\"gmail-p1\"><a href=\"http:\/\/gradocau.umh.es\/files\/2017\/11\/CARTEL_IV-Seminario-creat_audiov.jpg\"><img loading=\"lazy\" class=\"  wp-image-3104 alignright\" src=\"http:\/\/gradocau.umh.es\/files\/2017\/11\/CARTEL_IV-Seminario-creat_audiov-724x1024.jpg\" alt=\"CARTEL_IV Seminario creat_audiov\" width=\"292\" height=\"413\" srcset=\"https:\/\/gradocau.umh.es\/files\/2017\/11\/CARTEL_IV-Seminario-creat_audiov-724x1024.jpg 724w, https:\/\/gradocau.umh.es\/files\/2017\/11\/CARTEL_IV-Seminario-creat_audiov-212x300.jpg 212w\" sizes=\"(max-width: 292px) 100vw, 292px\" \/><\/a>Desde\u00a0la Titulaci\u00f3n\u00a0animamos a los estudiantes del 2\u00ba curso del Grado en Comunicaci\u00f3n Audiovisual\u00a0a la asistencia y participaci\u00f3n en el IV Seminario de Creatividad y Lenguaje Audiovisual organizado por los profesores de las asignaturas Expresi\u00f3n Gr\u00e1fica y Teor\u00eda y Pr\u00e1ctica de la Edici\u00f3n y el Montaje. Que tendr\u00e1 lugar el martes 5 de diciembre de 16 a 20 horas en la Sala plat\u00f3, edificio Innova (campus de Elche).<\/p>\n<p class=\"gmail-p1\"><span class=\"gmail-s1\"><b>Descripci\u00f3n: El s<\/b>eminario est\u00e1 formado por un serie de ponencias de profesionales de reconocido prestigio en el mundo de la creatividad, el dise\u00f1o y la producci\u00f3n audiovisual.<\/span><\/p>\n<p class=\"gmail-p1\"><span class=\"gmail-s1\"><b>Invitados:\u00a0<span class=\"gmail-Apple-converted-space\">\u00a0<\/span><\/b><\/span><\/p>\n<p class=\"gmail-p1\"><span class=\"gmail-s1\"><b>&#8211; V\u00edctor Claramunt<\/b><\/span><\/p>\n<p class=\"gmail-p2\">Director, guionista y creativo audiovisual, especializado en el campo del Fashion Film donde ha sido multipremiado a nivel nacional e internacional.\u00a0<span class=\"gmail-Apple-converted-space\">\u00a0<\/span><\/p>\n<p class=\"gmail-p3\"><a href=\"http:\/\/www.imdb.com\/name\/nm8164711\/%20\" target=\"_blank\" rel=\"noopener\"><span class=\"gmail-s2\">http:\/\/www.imdb.com\/name\/nm8164711\/<\/span><span class=\"gmail-s3\">\u00a0<\/span><\/a><\/p>\n<p class=\"gmail-p3\"><span class=\"gmail-s2\"><a href=\"https:\/\/vimeo.com\/3tristesteasers\" target=\"_blank\" rel=\"noopener\">https:\/\/vimeo.com\/3tristesteasers<\/a><\/span><\/p>\n<p class=\"gmail-p1\"><span class=\"gmail-s1\"><b>&#8211; Carles Esquembre<\/b><\/span><\/p>\n<p class=\"gmail-p1\"><span class=\"gmail-s1\">Ilustrador y autor de c\u00f3mic y novela gr\u00e1fica.<span class=\"gmail-Apple-converted-space\">\u00a0<\/span><\/span><\/p>\n<p class=\"gmail-p3\"><a href=\"http:\/\/carlesesquembrebook.blogspot.com.es\/%20\" target=\"_blank\" rel=\"noopener\"><span class=\"gmail-s2\">http:\/\/carlesesquembrebook.blogspot.com.es\/<\/span><span class=\"gmail-s3\">\u00a0<\/span><\/a><\/p>\n<p><\/p>","protected":false},"excerpt":{"rendered":"<p>Desde\u00a0la Titulaci\u00f3n\u00a0animamos a los estudiantes del 2\u00ba curso del Grado en Comunicaci\u00f3n Audiovisual\u00a0a la asistencia y participaci\u00f3n en el IV Seminario de Creatividad y Lenguaje Audiovisual organizado por los profesores de las asignaturas Expresi\u00f3n Gr\u00e1fica y Teor\u00eda y Pr\u00e1ctica de la Edici\u00f3n y el Montaje. Que tendr\u00e1 lugar el martes 5 de diciembre de 16 [&hellip;]<\/p>\n","protected":false},"author":1406,"featured_media":0,"comment_status":"closed","ping_status":"open","sticky":false,"template":"","format":"standard","meta":{"_links_to":"","_links_to_target":""},"categories":[112,2,102],"tags":[],"_links":{"self":[{"href":"https:\/\/gradocau.umh.es\/en\/wp-json\/wp\/v2\/posts\/3102"}],"collection":[{"href":"https:\/\/gradocau.umh.es\/en\/wp-json\/wp\/v2\/posts"}],"about":[{"href":"https:\/\/gradocau.umh.es\/en\/wp-json\/wp\/v2\/types\/post"}],"author":[{"embeddable":true,"href":"https:\/\/gradocau.umh.es\/en\/wp-json\/wp\/v2\/users\/1406"}],"replies":[{"embeddable":true,"href":"https:\/\/gradocau.umh.es\/en\/wp-json\/wp\/v2\/comments?post=3102"}],"version-history":[{"count":0,"href":"https:\/\/gradocau.umh.es\/en\/wp-json\/wp\/v2\/posts\/3102\/revisions"}],"wp:attachment":[{"href":"https:\/\/gradocau.umh.es\/en\/wp-json\/wp\/v2\/media?parent=3102"}],"wp:term":[{"taxonomy":"category","embeddable":true,"href":"https:\/\/gradocau.umh.es\/en\/wp-json\/wp\/v2\/categories?post=3102"},{"taxonomy":"post_tag","embeddable":true,"href":"https:\/\/gradocau.umh.es\/en\/wp-json\/wp\/v2\/tags?post=3102"}],"curies":[{"name":"wp","href":"https:\/\/api.w.org\/{rel}","templated":true}]}}