{"id":2839,"date":"2017-04-28T09:31:41","date_gmt":"2017-04-28T09:31:41","guid":{"rendered":"http:\/\/gradocau.umh.es\/?p=2839"},"modified":"2017-04-28T09:31:41","modified_gmt":"2017-04-28T09:31:41","slug":"dissabte-29-abril-festa-televisions-al-jardi-de-vivers-de-valencia-reserva-ja-la-teua-entrada-a-preu-especial","status":"publish","type":"post","link":"https:\/\/gradocau.umh.es\/en\/2017\/04\/28\/dissabte-29-abril-festa-televisions-al-jardi-de-vivers-de-valencia-reserva-ja-la-teua-entrada-a-preu-especial\/","title":{"rendered":"Dissabte 29 abril: festa televisions al Jard\u00ed de Vivers de Val\u00e8ncia. Reserva ja la teua entrada a preu especial"},"content":{"rendered":"<p><a href=\"http:\/\/gradocau.umh.es\/files\/2017\/04\/A3-SUPERFESTA-ACPV-UELX.jpg\"><img loading=\"lazy\" class=\" size-medium wp-image-2840 alignright\" src=\"http:\/\/gradocau.umh.es\/files\/2017\/04\/A3-SUPERFESTA-ACPV-UELX-212x300.jpg\" alt=\"A3-SUPERFESTA-ACPV-UELX\" width=\"212\" height=\"300\" srcset=\"https:\/\/gradocau.umh.es\/files\/2017\/04\/A3-SUPERFESTA-ACPV-UELX-212x300.jpg 212w, https:\/\/gradocau.umh.es\/files\/2017\/04\/A3-SUPERFESTA-ACPV-UELX-724x1024.jpg 724w, https:\/\/gradocau.umh.es\/files\/2017\/04\/A3-SUPERFESTA-ACPV-UELX.jpg 800w\" sizes=\"(max-width: 212px) 100vw, 212px\" \/><\/a>Dem\u00e0 dissabte 29 d\u2019abril tindr\u00e0 lloc la festa d\u2019Acci\u00f3 Cultural del Pa\u00eds Valenci\u00e0\u00a0 al Jard\u00ed de Vivers de Val\u00e8ncia. Pel mat\u00ed, hi haur\u00e0 una Festa per les Televisions, per a expressar la demanda social en favor de la recuperaci\u00f3 dels mitjans de comunicaci\u00f3 en llengua pr\u00f2pia, un objectiu al qual la nostra Universitat ha donat suport sempre.<\/p>\n<p>Podeu adquirir les entrades Podeu adquirir les entrades amb preu redu\u00eft clicant en aquest <a href=\"https:\/\/www.entradasatualcance.com\/comprar\/festa-concert-televisio-sense-fronteres\/9615\/34890\/\" target=\"_blank\">enlla\u00e7 <\/a><\/p>\n","protected":false},"excerpt":{"rendered":"<p>Dem\u00e0 dissabte 29 d\u2019abril tindr\u00e0 lloc la festa d\u2019Acci\u00f3 Cultural del Pa\u00eds Valenci\u00e0\u00a0 al Jard\u00ed de Vivers de Val\u00e8ncia. Pel mat\u00ed, hi haur\u00e0 una Festa per les Televisions, per a expressar la demanda social en favor de la recuperaci\u00f3 dels mitjans de comunicaci\u00f3 en llengua pr\u00f2pia, un objectiu al qual la nostra Universitat ha donat [&hellip;]<\/p>\n","protected":false},"author":1406,"featured_media":0,"comment_status":"closed","ping_status":"open","sticky":false,"template":"","format":"standard","meta":{"_links_to":"","_links_to_target":""},"categories":[2],"tags":[],"_links":{"self":[{"href":"https:\/\/gradocau.umh.es\/en\/wp-json\/wp\/v2\/posts\/2839"}],"collection":[{"href":"https:\/\/gradocau.umh.es\/en\/wp-json\/wp\/v2\/posts"}],"about":[{"href":"https:\/\/gradocau.umh.es\/en\/wp-json\/wp\/v2\/types\/post"}],"author":[{"embeddable":true,"href":"https:\/\/gradocau.umh.es\/en\/wp-json\/wp\/v2\/users\/1406"}],"replies":[{"embeddable":true,"href":"https:\/\/gradocau.umh.es\/en\/wp-json\/wp\/v2\/comments?post=2839"}],"version-history":[{"count":0,"href":"https:\/\/gradocau.umh.es\/en\/wp-json\/wp\/v2\/posts\/2839\/revisions"}],"wp:attachment":[{"href":"https:\/\/gradocau.umh.es\/en\/wp-json\/wp\/v2\/media?parent=2839"}],"wp:term":[{"taxonomy":"category","embeddable":true,"href":"https:\/\/gradocau.umh.es\/en\/wp-json\/wp\/v2\/categories?post=2839"},{"taxonomy":"post_tag","embeddable":true,"href":"https:\/\/gradocau.umh.es\/en\/wp-json\/wp\/v2\/tags?post=2839"}],"curies":[{"name":"wp","href":"https:\/\/api.w.org\/{rel}","templated":true}]}}