{"id":2811,"date":"2017-04-05T09:12:31","date_gmt":"2017-04-05T09:12:31","guid":{"rendered":"http:\/\/gradocau.umh.es\/?p=2811"},"modified":"2017-04-05T09:12:31","modified_gmt":"2017-04-05T09:12:31","slug":"abierta-la-convocatoria-de-la-xvi-edicion-del-nuevo-talento-fnac-de-fotografia","status":"publish","type":"post","link":"https:\/\/gradocau.umh.es\/en\/2017\/04\/05\/abierta-la-convocatoria-de-la-xvi-edicion-del-nuevo-talento-fnac-de-fotografia\/","title":{"rendered":"Abierta la convocatoria de la XVI Edici\u00f3n del Nuevo Talento Fnac de Fotograf\u00eda"},"content":{"rendered":"<p style=\"margin: 0cm 0cm 0pt; text-align: center; font-family: 'Times New Roman',serif; font-size: 12pt;\" align=\"center\"><span style=\"color: black; font-family: 'Verdana','sans-serif'; font-size: 10pt;\">\u00a0<\/span><\/p>\n<p style=\"margin: 0cm 0cm 0pt; text-align: center; font-family: 'Times New Roman',serif; font-size: 12pt;\" align=\"center\"><b><span style=\"color: black; font-family: 'Calibri','sans-serif';\">&#8211;\u00a0El Premio, que se celebra cada a\u00f1o desde 2002, es uno de los m\u00e1s prestigiosos y consolidados del \u00e1mbito fotogr\u00e1fico estatal.<\/span><\/b><\/p>\n<p style=\"margin: 0cm 0cm 0pt; text-align: center; font-family: 'Times New Roman',serif; font-size: 12pt;\" align=\"center\"><b><span style=\"color: black; font-family: 'Verdana','sans-serif'; font-size: 10pt;\">&#8211;\u00a0<\/span><\/b><b><span style=\"color: black; font-family: 'Calibri','sans-serif';\">El ganador de esta edici\u00f3n recibir\u00e1 3.000 euros y ver\u00e1 su obra expuesta durante un a\u00f1o en las Galer\u00edas Fotogr\u00e1ficas de Fnac Espa\u00f1a.<\/span><\/b><\/p>\n<p style=\"margin: 0cm 0cm 0pt; text-align: center; font-family: 'Times New Roman',serif; font-size: 12pt;\" align=\"center\"><b><span style=\"color: black; font-family: 'Verdana','sans-serif'; font-size: 10pt;\">&#8211;\u00a0<\/span><\/b><b><span style=\"color: black; font-family: 'Calibri','sans-serif';\">Los trabajos podr\u00e1n entregarse del 17 de abril al 17 de mayo en los mostradores de informaci\u00f3n de la mayor\u00eda de las tiendas Fnac.<\/span><\/b><\/p>\n<div>\n<p style=\"margin: 0cm 0cm 0pt; font-family: 'Times New Roman',serif; font-size: 12pt;\"><span style=\"color: black; font-family: 'Verdana','sans-serif'; font-size: 10pt;\">\u00a0<\/span><\/p>\n<\/div>\n<div>\n<p style=\"margin: 0cm 0cm 0pt; font-family: 'Times New Roman',serif; font-size: 12pt;\"><span style=\"color: black; font-family: 'Calibri','sans-serif';\"><a href=\"http:\/\/www.fnac.es\/\" target=\"_blank\">Fnac<\/a> convoca la XVI edici\u00f3n del premio <a href=\"http:\/\/www.fnac.es\/culturafnac\/premio-nuevo-talento\" target=\"_blank\">Nuevo Talento Fnac de Fotograf\u00eda<\/a>, un galard\u00f3n que desde 2002 reconoce la obra de prometedores fot\u00f3grafos.\u00a0<\/span><\/p>\n<\/div>\n<div>\n<p style=\"margin: 0cm 0cm 0pt; font-family: 'Times New Roman',serif; font-size: 12pt;\"><span style=\"color: black; font-family: 'Verdana','sans-serif'; font-size: 10pt;\">\u00a0<\/span><\/p>\n<\/div>\n<div>\n<p style=\"margin: 0cm 0cm 0pt; font-family: 'Times New Roman',serif; font-size: 12pt;\"><span style=\"color: black; font-family: 'Calibri','sans-serif';\">El ganador de esta edici\u00f3n recibir\u00e1 3.000 euros y su obra ser\u00e1 expuesta de forma itinerante en las Galer\u00edas Fnac de Espa\u00f1a durante un a\u00f1o.<\/span><\/p>\n<\/div>\n<div>\n<p style=\"margin: 0cm 0cm 0pt; font-family: 'Times New Roman',serif; font-size: 12pt;\"><span style=\"color: black; font-family: 'Verdana','sans-serif'; font-size: 10pt;\">\u00a0<\/span><\/p>\n<\/div>\n<div>\n<p style=\"margin: 0cm 0cm 0pt; font-family: 'Times New Roman',serif; font-size: 12pt;\"><span style=\"color: black; font-family: 'Calibri','sans-serif';\">Los participantes, que podr\u00e1n presentarse de forma individual o colectiva, podr\u00e1n entregar sus trabajos fotogr\u00e1ficos del 17 de abril al 17 de mayo de 2017 en los mostradores de informaci\u00f3n de las tiendas que la distribuidora de productos culturales y tecnol\u00f3gicos tiene en Espa\u00f1a (excepto Fnac Express de Valencia, Fnac Connect de Bilbao y Fnac Universidad Europea de Madrid).<\/span><\/p>\n<\/div>\n<div>\n<p style=\"margin: 0cm 0cm 0pt; font-family: 'Times New Roman',serif; font-size: 12pt;\"><span style=\"color: black; font-family: 'Verdana','sans-serif'; font-size: 10pt;\">\u00a0<\/span><\/p>\n<\/div>\n<div>\n<p style=\"margin: 0cm 0cm 0pt; font-family: 'Times New Roman',serif; font-size: 12pt;\"><span style=\"color: black; font-family: 'Calibri','sans-serif';\">Autores como Leila M\u00e9ndez (2002), Margarita Garc\u00eda Bu\u00f1uel (2003), Carlos Luj\u00e1n (2004), Albert Corb\u00ed (2005), Mikel Aristregi (2006), Ricardo Cases (2007), Luisa Monle\u00f3n (2008), Xiqi Yuwang (2009), el colectivo Se\u00f1or Cifri\u00e1n (2010), Salvi Dan\u00e9s (2011), Manolo Espali\u00fa (2012), Christian Rodr\u00edguez (2013), Eugeni Gay (2014), David Salcedo (2015) y Joan Alvado (2016), ganadores de ediciones anteriores, recibieron en los comienzos de sus carreras el apoyo del Premio.<\/span><\/p>\n<\/div>\n<div>\n<p style=\"margin: 0cm 0cm 0pt; font-family: 'Times New Roman',serif; font-size: 12pt;\"><span style=\"color: black; font-family: 'Verdana','sans-serif'; font-size: 10pt;\">\u00a0<\/span><\/p>\n<\/div>\n<div>\n<p style=\"margin: 0cm 0cm 0pt; font-family: 'Times New Roman',serif; font-size: 12pt;\"><span style=\"color: black; font-family: 'Calibri','sans-serif';\">El lunes 12 de junio se dar\u00e1 a conocer al ganador.<\/span><\/p>\n<\/div>\n<div>\n<p style=\"margin: 0cm 0cm 0pt; font-family: 'Times New Roman',serif; font-size: 12pt;\"><span style=\"color: black; font-family: 'Verdana','sans-serif'; font-size: 10pt;\">\u00a0<\/span><\/p>\n<\/div>\n<div>\n<p style=\"margin: 0cm 0cm 0pt; font-family: 'Times New Roman',serif; font-size: 12pt;\"><span style=\"color: black; font-family: 'Calibri','sans-serif';\">DESCARGA <a href=\"http:\/\/cultura.fnac.es\/descargas\/Bases_NT_Foto_2017.pdf\" target=\"_blank\">AQU\u00cd<\/a> LAS BASES (tambi\u00e9n adjuntas)<\/span><\/p>\n<\/div>\n<div>\n<p style=\"margin: 0cm 0cm 0pt; font-family: 'Times New Roman',serif; font-size: 12pt;\"><span style=\"color: black; font-family: 'Verdana','sans-serif'; font-size: 10pt;\">\u00a0<\/span><\/p>\n<\/div>\n<div>\n<p style=\"margin: 0cm 0cm 0pt; font-family: 'Times New Roman',serif; font-size: 12pt;\"><span style=\"color: black; font-family: 'Calibri','sans-serif';\">M\u00e1s informaci\u00f3n:\u00a0<\/span><\/p>\n<\/div>\n<div>\n<p style=\"margin: 0cm 0cm 0pt; font-family: 'Times New Roman',serif; font-size: 12pt;\"><a href=\"https:\/\/correo.umh.es\/owa\/?ae=Item&amp;a=New&amp;t=IPM.Note&amp;email=mailto%3anuevotalento%40culturafnac.es\" target=\"_blank\"><span style=\"color: black; font-family: 'Calibri','sans-serif';\">www.fnac.es\/culturafnac\/premio-nuevo-talento<\/span><span style=\"color: black; font-family: 'Calibri','sans-serif';\">nuevotalento@culturafnac.es<\/span><\/a><\/p>\n<\/div>\n","protected":false},"excerpt":{"rendered":"<p>\u00a0 &#8211;\u00a0El Premio, que se celebra cada a\u00f1o desde 2002, es uno de los m\u00e1s prestigiosos y consolidados del \u00e1mbito fotogr\u00e1fico estatal. &#8211;\u00a0El ganador de esta edici\u00f3n recibir\u00e1 3.000 euros y ver\u00e1 su obra expuesta durante un a\u00f1o en las Galer\u00edas Fotogr\u00e1ficas de Fnac Espa\u00f1a. &#8211;\u00a0Los trabajos podr\u00e1n entregarse del 17 de abril al 17 [&hellip;]<\/p>\n","protected":false},"author":1406,"featured_media":0,"comment_status":"closed","ping_status":"open","sticky":false,"template":"","format":"standard","meta":{"_links_to":"","_links_to_target":""},"categories":[2,24,185],"tags":[],"_links":{"self":[{"href":"https:\/\/gradocau.umh.es\/en\/wp-json\/wp\/v2\/posts\/2811"}],"collection":[{"href":"https:\/\/gradocau.umh.es\/en\/wp-json\/wp\/v2\/posts"}],"about":[{"href":"https:\/\/gradocau.umh.es\/en\/wp-json\/wp\/v2\/types\/post"}],"author":[{"embeddable":true,"href":"https:\/\/gradocau.umh.es\/en\/wp-json\/wp\/v2\/users\/1406"}],"replies":[{"embeddable":true,"href":"https:\/\/gradocau.umh.es\/en\/wp-json\/wp\/v2\/comments?post=2811"}],"version-history":[{"count":0,"href":"https:\/\/gradocau.umh.es\/en\/wp-json\/wp\/v2\/posts\/2811\/revisions"}],"wp:attachment":[{"href":"https:\/\/gradocau.umh.es\/en\/wp-json\/wp\/v2\/media?parent=2811"}],"wp:term":[{"taxonomy":"category","embeddable":true,"href":"https:\/\/gradocau.umh.es\/en\/wp-json\/wp\/v2\/categories?post=2811"},{"taxonomy":"post_tag","embeddable":true,"href":"https:\/\/gradocau.umh.es\/en\/wp-json\/wp\/v2\/tags?post=2811"}],"curies":[{"name":"wp","href":"https:\/\/api.w.org\/{rel}","templated":true}]}}