{"id":2763,"date":"2017-03-16T10:19:06","date_gmt":"2017-03-16T10:19:06","guid":{"rendered":"http:\/\/gradocau.umh.es\/?p=2763"},"modified":"2017-03-16T10:20:34","modified_gmt":"2017-03-16T10:20:34","slug":"convocatoria-de-la-1a-edicion-de-los-premios-de-ensayo-sobre-el-audiovisual-maria-luz-morales","status":"publish","type":"post","link":"https:\/\/gradocau.umh.es\/en\/2017\/03\/16\/convocatoria-de-la-1a-edicion-de-los-premios-de-ensayo-sobre-el-audiovisual-maria-luz-morales\/","title":{"rendered":"Convocatoria de la 1\u00aa edici\u00f3n de los premios de ensayo sobre el audiovisual Mar\u00eda Luz Morales"},"content":{"rendered":"<p>Convocatoria de la 1\u00aa edici\u00f3n de los premios de ensayo sobre el audiovisual Mar\u00eda Luz Morales. M\u00e1s informaci\u00f3n <a href=\"https:\/\/www.cultura.gal\/es\/premio\/28109\" target=\"_blank\">aqu\u00ed<\/a>.<\/p>\n<div>\n<div>\n<div>\n<div style=\"font-family: Tahoma; direction: ltr; color: #000000; font-size: 10pt;\">\n<div>\n<div>\n<div>\n<div class=\"WordSection1\">\n<p>Esta convocatoria, abierta hasta el 7 de Mayo, pretende avivar el inter\u00e9s por los estudios sobre el audiovisual ofreciendo a las personas investigadoras y estudiantes la posibilidad de hacer sus trabajos en cuatro modalidades: videoensayo y ensayo escrito, de \u00e1mbito gallego e internacional. Cada una de estas categor\u00edas estar\u00e1 dotada con 1.200 euros de premio y un galard\u00f3n.<\/p>\n<\/div>\n<\/div>\n<\/div>\n<\/div>\n<\/div>\n<\/div>\n<\/div>\n<\/div>\n","protected":false},"excerpt":{"rendered":"<p>Convocatoria de la 1\u00aa edici\u00f3n de los premios de ensayo sobre el audiovisual Mar\u00eda Luz Morales. M\u00e1s informaci\u00f3n aqu\u00ed. Esta convocatoria, abierta hasta el 7 de Mayo, pretende avivar el inter\u00e9s por los estudios sobre el audiovisual ofreciendo a las personas investigadoras y estudiantes la posibilidad de hacer sus trabajos en cuatro modalidades: videoensayo y [&hellip;]<\/p>\n","protected":false},"author":1406,"featured_media":0,"comment_status":"closed","ping_status":"open","sticky":false,"template":"","format":"standard","meta":{"_links_to":"","_links_to_target":""},"categories":[1],"tags":[],"_links":{"self":[{"href":"https:\/\/gradocau.umh.es\/en\/wp-json\/wp\/v2\/posts\/2763"}],"collection":[{"href":"https:\/\/gradocau.umh.es\/en\/wp-json\/wp\/v2\/posts"}],"about":[{"href":"https:\/\/gradocau.umh.es\/en\/wp-json\/wp\/v2\/types\/post"}],"author":[{"embeddable":true,"href":"https:\/\/gradocau.umh.es\/en\/wp-json\/wp\/v2\/users\/1406"}],"replies":[{"embeddable":true,"href":"https:\/\/gradocau.umh.es\/en\/wp-json\/wp\/v2\/comments?post=2763"}],"version-history":[{"count":0,"href":"https:\/\/gradocau.umh.es\/en\/wp-json\/wp\/v2\/posts\/2763\/revisions"}],"wp:attachment":[{"href":"https:\/\/gradocau.umh.es\/en\/wp-json\/wp\/v2\/media?parent=2763"}],"wp:term":[{"taxonomy":"category","embeddable":true,"href":"https:\/\/gradocau.umh.es\/en\/wp-json\/wp\/v2\/categories?post=2763"},{"taxonomy":"post_tag","embeddable":true,"href":"https:\/\/gradocau.umh.es\/en\/wp-json\/wp\/v2\/tags?post=2763"}],"curies":[{"name":"wp","href":"https:\/\/api.w.org\/{rel}","templated":true}]}}