{"id":2687,"date":"2017-02-17T10:54:49","date_gmt":"2017-02-17T10:54:49","guid":{"rendered":"http:\/\/gradocau.umh.es\/?p=2687"},"modified":"2017-02-17T11:19:04","modified_gmt":"2017-02-17T11:19:04","slug":"jornada-de-empleo-lunes-27-de-febrero-inscripciones-abiertas-taller-de-iluminacion-para-sets-y-la-funcion-del-electrico","status":"publish","type":"post","link":"https:\/\/gradocau.umh.es\/en\/2017\/02\/17\/jornada-de-empleo-lunes-27-de-febrero-inscripciones-abiertas-taller-de-iluminacion-para-sets-y-la-funcion-del-electrico\/","title":{"rendered":"Jornada de Empleo, lunes 27 de febrero + INSCRIPCIONES ABIERTAS: &#8220;Taller de iluminaci\u00f3n para sets y la funci\u00f3n del el\u00e9ctrico&#8221;"},"content":{"rendered":"<p>El pr\u00f3ximo <strong>27 de febrero los alumnos de 3\u00ba y 4\u00ba curso<\/strong> del Grado en Comunicaci\u00f3n Audiovisual celebrar\u00e1n la Jornada de Empleo. Para el evento se ha previsto la celebraci\u00f3n de varias actividades orientativas al empleo y una conferencia sobre inmersi\u00f3n laboral.<\/p>\n<p>Por la ma\u00f1ana, en horario de 10 a 14 horas, el\u00a0experto en iluminaci\u00f3n y el\u00e9ctrico\u00a0Guillem Pons\u00a0y ex alumno de la titulaci\u00f3n, impartir\u00e1 el <em><strong>Taller de iluminaci\u00f3n para sets y la funci\u00f3n del el\u00e9ctrico<\/strong>. <\/em>Por motivos de organizaci\u00f3n se requiere la inscripci\u00f3n al taller, que es gratuito, pero m\u00e1ximo para 50 estudiantes. A tal efecto se ha creado un <a title=\"Formulario de Inscripci\u00f3n\" href=\"https:\/\/docs.google.com\/a\/goumh.umh.es\/forms\/d\/e\/1FAIpQLSdg91W9FkUqK543cOzlvcu_WkVZSbMazm5ySLoal61SrPg8hA\/viewform\" target=\"_blank\"><strong>formulario de inscripci\u00f3n<\/strong>.<\/a> Deber\u00e1s entrar con tu acceso de goumh.<\/p>\n<p>En breve os haremos llegar m\u00e1s informaci\u00f3n de la jornada y el horario completo, pero quien est\u00e9 interesado en asistir al taller le animamos a que<strong> se inscriba antes del mi\u00e9rcoles 22 de frebero<\/strong>. El\u00a0d\u00eda 27 de febrero las clases se suspender\u00e1n para 3\u00ba y 4\u00ba curso para facilitar la asistencia a los estudiantes.<\/p>\n<p>&nbsp;<\/p>\n","protected":false},"excerpt":{"rendered":"<p>El pr\u00f3ximo 27 de febrero los alumnos de 3\u00ba y 4\u00ba curso del Grado en Comunicaci\u00f3n Audiovisual celebrar\u00e1n la Jornada de Empleo. Para el evento se ha previsto la celebraci\u00f3n de varias actividades orientativas al empleo y una conferencia sobre inmersi\u00f3n laboral. Por la ma\u00f1ana, en horario de 10 a 14 horas, el\u00a0experto en iluminaci\u00f3n [&hellip;]<\/p>\n","protected":false},"author":1406,"featured_media":0,"comment_status":"closed","ping_status":"open","sticky":false,"template":"","format":"standard","meta":{"_links_to":"","_links_to_target":""},"categories":[2,1,52],"tags":[],"_links":{"self":[{"href":"https:\/\/gradocau.umh.es\/en\/wp-json\/wp\/v2\/posts\/2687"}],"collection":[{"href":"https:\/\/gradocau.umh.es\/en\/wp-json\/wp\/v2\/posts"}],"about":[{"href":"https:\/\/gradocau.umh.es\/en\/wp-json\/wp\/v2\/types\/post"}],"author":[{"embeddable":true,"href":"https:\/\/gradocau.umh.es\/en\/wp-json\/wp\/v2\/users\/1406"}],"replies":[{"embeddable":true,"href":"https:\/\/gradocau.umh.es\/en\/wp-json\/wp\/v2\/comments?post=2687"}],"version-history":[{"count":0,"href":"https:\/\/gradocau.umh.es\/en\/wp-json\/wp\/v2\/posts\/2687\/revisions"}],"wp:attachment":[{"href":"https:\/\/gradocau.umh.es\/en\/wp-json\/wp\/v2\/media?parent=2687"}],"wp:term":[{"taxonomy":"category","embeddable":true,"href":"https:\/\/gradocau.umh.es\/en\/wp-json\/wp\/v2\/categories?post=2687"},{"taxonomy":"post_tag","embeddable":true,"href":"https:\/\/gradocau.umh.es\/en\/wp-json\/wp\/v2\/tags?post=2687"}],"curies":[{"name":"wp","href":"https:\/\/api.w.org\/{rel}","templated":true}]}}