{"id":2671,"date":"2017-02-16T09:29:01","date_gmt":"2017-02-16T09:29:01","guid":{"rendered":"http:\/\/gradocau.umh.es\/?p=2671"},"modified":"2017-02-16T09:29:01","modified_gmt":"2017-02-16T09:29:01","slug":"7o-concurso-de-fotografia-y-video-de-las-fiestas-del-medievo-en-villena","status":"publish","type":"post","link":"https:\/\/gradocau.umh.es\/en\/2017\/02\/16\/7o-concurso-de-fotografia-y-video-de-las-fiestas-del-medievo-en-villena\/","title":{"rendered":"7\u00ba Concurso de fotograf\u00eda y v\u00eddeo de las Fiestas del Medievo en Villena"},"content":{"rendered":"<p><a href=\"http:\/\/gradocau.umh.es\/files\/2017\/02\/CARTEL-FIESTAS-DEL-MEDIEVO-2017-CONCURSOS-PARA-WEB.jpg\"><img loading=\"lazy\" class=\"alignnone size-medium wp-image-2673\" src=\"http:\/\/gradocau.umh.es\/files\/2017\/02\/CARTEL-FIESTAS-DEL-MEDIEVO-2017-CONCURSOS-PARA-WEB.jpg\" alt=\"CARTEL FIESTAS DEL MEDIEVO 2017 CONCURSOS PARA WEB\" width=\"1\" height=\"1\" \/><\/a><a href=\"http:\/\/gradocau.umh.es\/files\/2017\/02\/BASES-7\u252c\u2551-CONCURSO-FOTOGRAFICO-Y-VIDEO-FIESTAS-DEL-MEDIEVO-VILLENA-2017-corregido.pdf\">BASES DEL CONCURSO<\/a><\/p>\n<p><a href=\"http:\/\/gradocau.umh.es\/files\/2017\/02\/CARTEL-FIESTAS-DEL-MEDIEVO-2017-CONCURSOS-PARA-WEB1.jpg\"><img loading=\"lazy\" class=\"alignnone size-medium wp-image-2674\" src=\"http:\/\/gradocau.umh.es\/files\/2017\/02\/CARTEL-FIESTAS-DEL-MEDIEVO-2017-CONCURSOS-PARA-WEB1.jpg\" alt=\"CARTEL FIESTAS DEL MEDIEVO 2017 CONCURSOS PARA WEB\" width=\"1\" height=\"1\" \/><\/a>Desde la Asociaci\u00f3n de Vecinos del Barrio del Rabal (Villena) ponen en marcha la nueva edici\u00f3n de las Fiestas del Medievo que tendr\u00e1n lugar los pr\u00f3ximos d\u00edas 10,11 y 12 de marzo.<\/p>\n<p>Desde hace a\u00f1os organizan concursos tanto de v\u00eddeo como de fotograf\u00eda en los que reparten diferentes premios. Este a\u00f1o han incrementado la cantidad del premio y ofrecen una\u00a0 serie de comodidades para aquellos interesados en participar que se basar\u00edan en la oferta de alojamiento gratuito o de bajo coste durante el fin de semana en el que tiene lugar la feria para los grupos que deseen inscribirse.<\/p>\n","protected":false},"excerpt":{"rendered":"<p>BASES DEL CONCURSO Desde la Asociaci\u00f3n de Vecinos del Barrio del Rabal (Villena) ponen en marcha la nueva edici\u00f3n de las Fiestas del Medievo que tendr\u00e1n lugar los pr\u00f3ximos d\u00edas 10,11 y 12 de marzo. Desde hace a\u00f1os organizan concursos tanto de v\u00eddeo como de fotograf\u00eda en los que reparten diferentes premios. Este a\u00f1o han [&hellip;]<\/p>\n","protected":false},"author":1406,"featured_media":0,"comment_status":"closed","ping_status":"open","sticky":false,"template":"","format":"standard","meta":{"_links_to":"","_links_to_target":""},"categories":[2,24,1],"tags":[],"_links":{"self":[{"href":"https:\/\/gradocau.umh.es\/en\/wp-json\/wp\/v2\/posts\/2671"}],"collection":[{"href":"https:\/\/gradocau.umh.es\/en\/wp-json\/wp\/v2\/posts"}],"about":[{"href":"https:\/\/gradocau.umh.es\/en\/wp-json\/wp\/v2\/types\/post"}],"author":[{"embeddable":true,"href":"https:\/\/gradocau.umh.es\/en\/wp-json\/wp\/v2\/users\/1406"}],"replies":[{"embeddable":true,"href":"https:\/\/gradocau.umh.es\/en\/wp-json\/wp\/v2\/comments?post=2671"}],"version-history":[{"count":0,"href":"https:\/\/gradocau.umh.es\/en\/wp-json\/wp\/v2\/posts\/2671\/revisions"}],"wp:attachment":[{"href":"https:\/\/gradocau.umh.es\/en\/wp-json\/wp\/v2\/media?parent=2671"}],"wp:term":[{"taxonomy":"category","embeddable":true,"href":"https:\/\/gradocau.umh.es\/en\/wp-json\/wp\/v2\/categories?post=2671"},{"taxonomy":"post_tag","embeddable":true,"href":"https:\/\/gradocau.umh.es\/en\/wp-json\/wp\/v2\/tags?post=2671"}],"curies":[{"name":"wp","href":"https:\/\/api.w.org\/{rel}","templated":true}]}}