{"id":2651,"date":"2017-02-07T18:07:30","date_gmt":"2017-02-07T18:07:30","guid":{"rendered":"http:\/\/gradocau.umh.es\/?p=2651"},"modified":"2017-02-07T18:07:50","modified_gmt":"2017-02-07T18:07:50","slug":"la-umh-por-la-igualdad-ii-concurso-de-cortometrajes-igualdad-en-1-minuto","status":"publish","type":"post","link":"https:\/\/gradocau.umh.es\/en\/2017\/02\/07\/la-umh-por-la-igualdad-ii-concurso-de-cortometrajes-igualdad-en-1-minuto\/","title":{"rendered":"La UMH por la Igualdad.  II Concurso de cortometrajes \u201cIgualdad en 1 minuto\u201d"},"content":{"rendered":"<p><strong>La UMH por la Igualdad.\u00a0<\/strong><strong>\u00a0<\/strong><strong>II Concurso de cortometrajes \u201cIgualdad en 1 minuto\u201d<\/strong><\/p>\n<p>Con motivo del 8 de marzo, D\u00eda Internacional de la Mujer, la Universidad Miguel Hern\u00e1ndez de Elche, desarrollar\u00e1 una serie de acciones bajo el lema \u201c<strong>La UMH por la Igualdad<\/strong>\u201d, cuya finalidad es promover el principio de igualdad entre mujeres y hombres.<\/p>\n<p>Dentro de este marco, la Unidad de Igualdad en colaboraci\u00f3n con el Vicerrectorado de Cultura y Extensi\u00f3n Universitaria, convoca la II edici\u00f3n del concurso de cortometrajes \u201c<a href=\"ii-concurso-de-cortometrajes-igualdad-en-1-minuto\" target=\"_blank\">Igualdad en 1 minuto<\/a>\u201d, invitando a la participaci\u00f3n de toda la comunidad universitaria.<\/p>\n<p><a href=\"http:\/\/igualdad.umh.es\/files\/2017\/02\/BASES-IICONCURSOCortos.pdf\" target=\"_blank\">Bases del concurso<\/a><\/p>\n","protected":false},"excerpt":{"rendered":"<p>La UMH por la Igualdad.\u00a0\u00a0II Concurso de cortometrajes \u201cIgualdad en 1 minuto\u201d Con motivo del 8 de marzo, D\u00eda Internacional de la Mujer, la Universidad Miguel Hern\u00e1ndez de Elche, desarrollar\u00e1 una serie de acciones bajo el lema \u201cLa UMH por la Igualdad\u201d, cuya finalidad es promover el principio de igualdad entre mujeres y hombres. Dentro [&hellip;]<\/p>\n","protected":false},"author":1406,"featured_media":0,"comment_status":"closed","ping_status":"open","sticky":false,"template":"","format":"standard","meta":{"_links_to":"","_links_to_target":""},"categories":[2,24,1],"tags":[],"_links":{"self":[{"href":"https:\/\/gradocau.umh.es\/en\/wp-json\/wp\/v2\/posts\/2651"}],"collection":[{"href":"https:\/\/gradocau.umh.es\/en\/wp-json\/wp\/v2\/posts"}],"about":[{"href":"https:\/\/gradocau.umh.es\/en\/wp-json\/wp\/v2\/types\/post"}],"author":[{"embeddable":true,"href":"https:\/\/gradocau.umh.es\/en\/wp-json\/wp\/v2\/users\/1406"}],"replies":[{"embeddable":true,"href":"https:\/\/gradocau.umh.es\/en\/wp-json\/wp\/v2\/comments?post=2651"}],"version-history":[{"count":0,"href":"https:\/\/gradocau.umh.es\/en\/wp-json\/wp\/v2\/posts\/2651\/revisions"}],"wp:attachment":[{"href":"https:\/\/gradocau.umh.es\/en\/wp-json\/wp\/v2\/media?parent=2651"}],"wp:term":[{"taxonomy":"category","embeddable":true,"href":"https:\/\/gradocau.umh.es\/en\/wp-json\/wp\/v2\/categories?post=2651"},{"taxonomy":"post_tag","embeddable":true,"href":"https:\/\/gradocau.umh.es\/en\/wp-json\/wp\/v2\/tags?post=2651"}],"curies":[{"name":"wp","href":"https:\/\/api.w.org\/{rel}","templated":true}]}}