{"id":2642,"date":"2017-02-03T15:28:22","date_gmt":"2017-02-03T15:28:22","guid":{"rendered":"http:\/\/gradocau.umh.es\/?p=2642"},"modified":"2017-02-03T15:28:40","modified_gmt":"2017-02-03T15:28:40","slug":"cinemateca-del-mediterraneo-brasserie-romantiek-de-joel-vanhoebrouck-en-vose-el-06022017-a-las-2030","status":"publish","type":"post","link":"https:\/\/gradocau.umh.es\/en\/2017\/02\/03\/cinemateca-del-mediterraneo-brasserie-romantiek-de-joel-vanhoebrouck-en-vose-el-06022017-a-las-2030\/","title":{"rendered":"Cinemateca del Mediterr\u00e1neo: &#8220;Brasserie Romantiek&#8221; de Jo\u00ebl Vanhoebrouck en VOSE. El 06\/02\/2017 a las 20:30."},"content":{"rendered":"<p><a href=\"http:\/\/gradocau.umh.es\/files\/2017\/02\/brasserie_romantiek-697602053-large.jpg\"><img loading=\"lazy\" class=\" size-medium wp-image-2643 alignright\" src=\"http:\/\/gradocau.umh.es\/files\/2017\/02\/brasserie_romantiek-697602053-large-212x300.jpg\" alt=\"brasserie_romantiek-697602053-large\" width=\"212\" height=\"300\" srcset=\"https:\/\/gradocau.umh.es\/files\/2017\/02\/brasserie_romantiek-697602053-large-212x300.jpg 212w, https:\/\/gradocau.umh.es\/files\/2017\/02\/brasserie_romantiek-697602053-large.jpg 530w\" sizes=\"(max-width: 212px) 100vw, 212px\" \/><\/a><\/p>\n<p><strong>CU\u00c1NDO:\u00a0<\/strong>El lunes 6 de febrero de 2017 a las 20:30<br \/>\n<strong>D\u00d3NDE:\u00a0<\/strong>Aula de Cultura de Alicante. Avda. Dr. Gadea, 1<br \/>\n<strong>ENTRADAS:\u00a0<\/strong>Entrada ordinaria: 2 euros;\u00a0Abono para 10 sesiones: 10 euros\u00a0(puede ser usado por varias personas);\u00a0La taquilla se abrir\u00e1 media hora antes de las proyecciones.<\/p>\n<p><strong>SINOPSIS:\u00a0<\/strong>El d\u00eda de San Valent\u00edn, la tensi\u00f3n es palpable en Brasserie Romantic, el restaurante de Pascaline y Angelo. Mientras la noche de Paul y Roos va cuesta abajo, Walter est\u00e1 tratando de ligar con Sylvia. Y justo cuando la noche est\u00e1 en pleno apogeo, llega Frank, el antiguo amante de Pascaline.<\/p>\n","protected":false},"excerpt":{"rendered":"<p>CU\u00c1NDO:\u00a0El lunes 6 de febrero de 2017 a las 20:30 D\u00d3NDE:\u00a0Aula de Cultura de Alicante. Avda. Dr. Gadea, 1 ENTRADAS:\u00a0Entrada ordinaria: 2 euros;\u00a0Abono para 10 sesiones: 10 euros\u00a0(puede ser usado por varias personas);\u00a0La taquilla se abrir\u00e1 media hora antes de las proyecciones. SINOPSIS:\u00a0El d\u00eda de San Valent\u00edn, la tensi\u00f3n es palpable en Brasserie Romantic, el [&hellip;]<\/p>\n","protected":false},"author":1406,"featured_media":0,"comment_status":"closed","ping_status":"open","sticky":false,"template":"","format":"standard","meta":{"_links_to":"","_links_to_target":""},"categories":[2,89,1],"tags":[],"_links":{"self":[{"href":"https:\/\/gradocau.umh.es\/en\/wp-json\/wp\/v2\/posts\/2642"}],"collection":[{"href":"https:\/\/gradocau.umh.es\/en\/wp-json\/wp\/v2\/posts"}],"about":[{"href":"https:\/\/gradocau.umh.es\/en\/wp-json\/wp\/v2\/types\/post"}],"author":[{"embeddable":true,"href":"https:\/\/gradocau.umh.es\/en\/wp-json\/wp\/v2\/users\/1406"}],"replies":[{"embeddable":true,"href":"https:\/\/gradocau.umh.es\/en\/wp-json\/wp\/v2\/comments?post=2642"}],"version-history":[{"count":0,"href":"https:\/\/gradocau.umh.es\/en\/wp-json\/wp\/v2\/posts\/2642\/revisions"}],"wp:attachment":[{"href":"https:\/\/gradocau.umh.es\/en\/wp-json\/wp\/v2\/media?parent=2642"}],"wp:term":[{"taxonomy":"category","embeddable":true,"href":"https:\/\/gradocau.umh.es\/en\/wp-json\/wp\/v2\/categories?post=2642"},{"taxonomy":"post_tag","embeddable":true,"href":"https:\/\/gradocau.umh.es\/en\/wp-json\/wp\/v2\/tags?post=2642"}],"curies":[{"name":"wp","href":"https:\/\/api.w.org\/{rel}","templated":true}]}}