{"id":2513,"date":"2016-11-25T11:22:13","date_gmt":"2016-11-25T11:22:13","guid":{"rendered":"http:\/\/gradocau.umh.es\/?p=2513"},"modified":"2016-11-25T11:22:13","modified_gmt":"2016-11-25T11:22:13","slug":"en-la-umh-detras-de-las-camaras-con-mapa-pastor-y-el-gil-albert","status":"publish","type":"post","link":"https:\/\/gradocau.umh.es\/en\/2016\/11\/25\/en-la-umh-detras-de-las-camaras-con-mapa-pastor-y-el-gil-albert\/","title":{"rendered":"En la UMH \u201cDetr\u00e1s de las c\u00e1maras\u201d con Mapa Pastor y el GIL-ALBERT"},"content":{"rendered":"<div class=\"ms-rteThemeFontFace-1\"><strong>Detr\u00e1s de las c\u00e1maras y Mapa Pastor<\/strong><\/div>\n<div class=\"ms-rteThemeFontFace-1\">Cine y <strong>masterclass de Mapa Pastor <\/strong>con el Gil-Albert<strong> en Atzavares (UMH).<\/strong><\/div>\n<div class=\"ms-rteThemeFontFace-1\" dir=\"ltr\"><strong>Fecha:<\/strong>\u00a029 de noviembre a las 17:00h<\/div>\n<div class=\"ms-rteThemeFontFace-1\"><strong>Lugar:<\/strong>\u00a0\u00a0Edifio Atzavares, Campus de Elche, Universidad Miguel Hern\u00e1ndez.<\/div>\n<div class=\"ms-rteThemeFontFace-1\"><strong>Organiza:<\/strong> IAC Juan Gil-Albert y Grado en Comunicaci\u00f3n Audiovisual.<\/div>\n<div class=\"ms-rteThemeFontFace-1\"><strong>Colaboraaza:<\/strong> IAC Juan Gil-Albert<\/div>\n<div class=\"ms-rteThemeFontFace-1\"><strong>Interviene:\u00a0Mapa Pastor<\/strong><\/div>\n<div class=\"ms-rteThemeFontFace-1\"><strong>Modera:\u00a0<\/strong>Javier Ballesteros<\/div>\n<div class=\"ms-rteThemeFontFace-1\"><strong>Coordina:<\/strong> Juanjo Pay\u00e1 y Macarena Palma<\/div>\n<div class=\"ms-rteThemeFontFace-1\"><\/div>\n<div class=\"ms-rteThemeFontFace-1\"><a href=\"http:\/\/gradocau.umh.es\/files\/2016\/11\/ciclocine.jpg\"><img loading=\"lazy\" class=\"alignnone size-medium wp-image-2514\" src=\"http:\/\/gradocau.umh.es\/files\/2016\/11\/ciclocine-300x211.jpg\" alt=\"C\" width=\"300\" height=\"211\" srcset=\"https:\/\/gradocau.umh.es\/files\/2016\/11\/ciclocine-300x211.jpg 300w, https:\/\/gradocau.umh.es\/files\/2016\/11\/ciclocine.jpg 700w\" sizes=\"(max-width: 300px) 100vw, 300px\" \/><\/a><\/div>\n<div class=\"ms-rteThemeFontFace-1\"><\/div>\n<div class=\"ms-rteThemeFontFace-1\">El ciclo\u00a0 consta de diversas sesiones que se ir\u00e1n programando a partir de ahora. Intervendr\u00e1n profesionales del sector audiovisual, especialmente de cine y televisi\u00f3n. Est\u00e1 dirigido a profesionales, estudiantes y a aquellas personas interesadas en la creaci\u00f3n y desarrollo de una serie o pel\u00edcula para televisi\u00f3n o cine. El IAC Juan Gil-Albert pone en marcha este evento para que permita la interacci\u00f3n e intercambio con conocidos directores, guionistas, productores y expertos de cine y televisi\u00f3n. El espacio para estos encuentros es inicialmente la Casa Bard\u00edn, sede del IAC Juan Gil-Albert, aunque no se descarta que en alguna sesi\u00f3n futura se programen sesiones en otras poblaciones y en algunos de los centros educativos o universitarios especializados en la rama audiovisual.<\/div>\n","protected":false},"excerpt":{"rendered":"<p>Detr\u00e1s de las c\u00e1maras y Mapa Pastor Cine y masterclass de Mapa Pastor con el Gil-Albert en Atzavares (UMH). Fecha:\u00a029 de noviembre a las 17:00h Lugar:\u00a0\u00a0Edifio Atzavares, Campus de Elche, Universidad Miguel Hern\u00e1ndez. Organiza: IAC Juan Gil-Albert y Grado en Comunicaci\u00f3n Audiovisual. Colaboraaza: IAC Juan Gil-Albert Interviene:\u00a0Mapa Pastor Modera:\u00a0Javier Ballesteros Coordina: Juanjo Pay\u00e1 y Macarena [&hellip;]<\/p>\n","protected":false},"author":662,"featured_media":0,"comment_status":"closed","ping_status":"open","sticky":false,"template":"","format":"standard","meta":{"_links_to":"","_links_to_target":""},"categories":[1],"tags":[],"_links":{"self":[{"href":"https:\/\/gradocau.umh.es\/en\/wp-json\/wp\/v2\/posts\/2513"}],"collection":[{"href":"https:\/\/gradocau.umh.es\/en\/wp-json\/wp\/v2\/posts"}],"about":[{"href":"https:\/\/gradocau.umh.es\/en\/wp-json\/wp\/v2\/types\/post"}],"author":[{"embeddable":true,"href":"https:\/\/gradocau.umh.es\/en\/wp-json\/wp\/v2\/users\/662"}],"replies":[{"embeddable":true,"href":"https:\/\/gradocau.umh.es\/en\/wp-json\/wp\/v2\/comments?post=2513"}],"version-history":[{"count":0,"href":"https:\/\/gradocau.umh.es\/en\/wp-json\/wp\/v2\/posts\/2513\/revisions"}],"wp:attachment":[{"href":"https:\/\/gradocau.umh.es\/en\/wp-json\/wp\/v2\/media?parent=2513"}],"wp:term":[{"taxonomy":"category","embeddable":true,"href":"https:\/\/gradocau.umh.es\/en\/wp-json\/wp\/v2\/categories?post=2513"},{"taxonomy":"post_tag","embeddable":true,"href":"https:\/\/gradocau.umh.es\/en\/wp-json\/wp\/v2\/tags?post=2513"}],"curies":[{"name":"wp","href":"https:\/\/api.w.org\/{rel}","templated":true}]}}