{"id":2511,"date":"2016-11-23T13:00:29","date_gmt":"2016-11-23T13:00:29","guid":{"rendered":"http:\/\/gradocau.umh.es\/?p=2511"},"modified":"2016-11-23T13:00:29","modified_gmt":"2016-11-23T13:00:29","slug":"vi-congreso-internacional-de-investigadores-audiovisuales","status":"publish","type":"post","link":"https:\/\/gradocau.umh.es\/en\/2016\/11\/23\/vi-congreso-internacional-de-investigadores-audiovisuales\/","title":{"rendered":"VI Congreso Internacional de Investigadores Audiovisuales"},"content":{"rendered":"<p><span style=\"font-size: small;\">Disponen hasta el\u00a0<span lang=\"es\"><b>d\u00eda 30 de enero de 2017<\/b><\/span><span lang=\"es\">\u00a0para poder enviar a trav\u00e9s de la <a title=\"web para env\u00edo de res\u00famenes y comunicaciones\" href=\"http:\/\/www.ucjc.edu\/congreso-internacional-investigadores-audiovisuales\/#utab-pane-0-3\" target=\"_blank\">web la propuesta\/resumen de comunicaci\u00f3n<\/a>\u00a0<\/span><\/span><span lang=\"es\">para participar en el VI Congreso Internacional de Investigadores Audiovisuales que se celebrar\u00e1 los d\u00eda 20 y 21 de abril en la Universidad Camilo Jos\u00e9 Cela en la sede de la C\/Almagro n\u00ba5.<\/span><span style=\"font-family: Calibri;\"><span style=\"font-size: small;\"><span lang=\"es\">\u00a0<\/span><\/span><\/span><\/p>\n<div><span style=\"font-family: Calibri;\"><span style=\"font-size: small;\"><span lang=\"es\">Toda la informaci\u00f3n del Congreso:\u00a0<\/span><\/span><a id=\"LPlnk781798\" href=\"http:\/\/www.ucjc.edu\/congreso-internacional-investigadores-audiovisuales\/\" target=\"_blank\"><span style=\"color: #0563c1; font-size: small;\"><span id=\"LPlnk781798\"><span lang=\"es\">http:\/\/www.ucjc.edu\/congreso-internacional-investigadores-audiovisuales\/<\/span><\/span><\/span><\/a><\/span><\/div>\n","protected":false},"excerpt":{"rendered":"<p>Disponen hasta el\u00a0d\u00eda 30 de enero de 2017\u00a0para poder enviar a trav\u00e9s de la web la propuesta\/resumen de comunicaci\u00f3n\u00a0para participar en el VI Congreso Internacional de Investigadores Audiovisuales que se celebrar\u00e1 los d\u00eda 20 y 21 de abril en la Universidad Camilo Jos\u00e9 Cela en la sede de la C\/Almagro n\u00ba5.\u00a0 Toda la informaci\u00f3n del [&hellip;]<\/p>\n","protected":false},"author":1406,"featured_media":0,"comment_status":"closed","ping_status":"open","sticky":false,"template":"","format":"standard","meta":{"_links_to":"","_links_to_target":""},"categories":[1],"tags":[],"_links":{"self":[{"href":"https:\/\/gradocau.umh.es\/en\/wp-json\/wp\/v2\/posts\/2511"}],"collection":[{"href":"https:\/\/gradocau.umh.es\/en\/wp-json\/wp\/v2\/posts"}],"about":[{"href":"https:\/\/gradocau.umh.es\/en\/wp-json\/wp\/v2\/types\/post"}],"author":[{"embeddable":true,"href":"https:\/\/gradocau.umh.es\/en\/wp-json\/wp\/v2\/users\/1406"}],"replies":[{"embeddable":true,"href":"https:\/\/gradocau.umh.es\/en\/wp-json\/wp\/v2\/comments?post=2511"}],"version-history":[{"count":0,"href":"https:\/\/gradocau.umh.es\/en\/wp-json\/wp\/v2\/posts\/2511\/revisions"}],"wp:attachment":[{"href":"https:\/\/gradocau.umh.es\/en\/wp-json\/wp\/v2\/media?parent=2511"}],"wp:term":[{"taxonomy":"category","embeddable":true,"href":"https:\/\/gradocau.umh.es\/en\/wp-json\/wp\/v2\/categories?post=2511"},{"taxonomy":"post_tag","embeddable":true,"href":"https:\/\/gradocau.umh.es\/en\/wp-json\/wp\/v2\/tags?post=2511"}],"curies":[{"name":"wp","href":"https:\/\/api.w.org\/{rel}","templated":true}]}}