{"id":2237,"date":"2016-09-21T12:42:31","date_gmt":"2016-09-21T12:42:31","guid":{"rendered":"http:\/\/gradocau.umh.es\/?p=2237"},"modified":"2016-09-21T12:42:54","modified_gmt":"2016-09-21T12:42:54","slug":"fanta-elx-inscripcion-de-cortometrajes-hasta-el-9-10-2016","status":"publish","type":"post","link":"https:\/\/gradocau.umh.es\/en\/2016\/09\/21\/fanta-elx-inscripcion-de-cortometrajes-hasta-el-9-10-2016\/","title":{"rendered":"FANTA ELX inscripci\u00f3n de cortometrajes hasta el 9 \/ 10 \/  2016"},"content":{"rendered":"<p><strong>La cuarta edici\u00f3n del <em>Festival de Cine Fant\u00e1stico de Elche &#8211; FANTA ELX<\/em> abre el plazo de inscripci\u00f3n de cortometrajes hasta el pr\u00f3ximo 9 de octubre de 2016.<\/strong><\/p>\n<p>Se abre el plazo de inscripci\u00f3n para participar en la que ser\u00e1 su cuarta edici\u00f3n, cuya fecha de celebraci\u00f3n ser\u00e1 anunciada pr\u00f3ximamente. El festival lanza la convocatoria a todos los cineastas\/distribuidoras que quieran presentar sus <strong>cortometrajes de g\u00e9nero fant\u00e1stico<\/strong>, y el per\u00edodo de inscripci\u00f3n estar\u00e1 abierto<strong> hasta el domingo 9 de octubre<\/strong>, pudiendo acceder a las bases y al procedimiento de inscripci\u00f3n online a trav\u00e9s de su web oficial <strong><a href=\"http:\/\/www.festivalcinefantaelx.com\/bases\/\" target=\"_blank\" rel=\"noreferrer\" data-saferedirecturl=\"https:\/\/www.google.com\/url?hl=es&amp;q=http:\/\/www.festivalcinefantaelx.com\/bases\/&amp;source=gmail&amp;ust=1474547947908000&amp;usg=AFQjCNFZibr9jKVyA-lB6777Y2vYFwrYnQ\">http:\/\/www.festivalcinefantael<wbr \/>x.com\/bases\/<\/a><\/strong><\/p>\n<p>En esta cuarta edici\u00f3n, se establece una vez m\u00e1s la categor\u00eda para competir al<strong> mejor cortometraje alicantino<\/strong>, cuyo ganador acceder\u00e1 directamente al festival <strong>Navidades Sangrientas<\/strong> de Alicante. Por otro lado, el <strong>mejor cortometraje nacional<\/strong> acceder\u00e1 directamente al <strong>Festival de Cortometrajes de Terror y Fant\u00e1stico 1000 Gritos de Buenos Aires<\/strong>, en Argentina, y el <strong>mejor cortometraje internacional<\/strong> acceder\u00e1 al <strong>Festival Internacional Freak Terror Gore Bizarro de Valpara\u00edso<\/strong>, en Chile.<\/p>\n<p><em>\u00a1Estamos deseando recibir vuestros cortometrajes!<\/em><\/p>\n","protected":false},"excerpt":{"rendered":"<p>La cuarta edici\u00f3n del Festival de Cine Fant\u00e1stico de Elche &#8211; FANTA ELX abre el plazo de inscripci\u00f3n de cortometrajes hasta el pr\u00f3ximo 9 de octubre de 2016. Se abre el plazo de inscripci\u00f3n para participar en la que ser\u00e1 su cuarta edici\u00f3n, cuya fecha de celebraci\u00f3n ser\u00e1 anunciada pr\u00f3ximamente. El festival lanza la convocatoria [&hellip;]<\/p>\n","protected":false},"author":790,"featured_media":0,"comment_status":"closed","ping_status":"open","sticky":false,"template":"","format":"standard","meta":{"_links_to":"","_links_to_target":""},"categories":[2,24,22],"tags":[64],"_links":{"self":[{"href":"https:\/\/gradocau.umh.es\/en\/wp-json\/wp\/v2\/posts\/2237"}],"collection":[{"href":"https:\/\/gradocau.umh.es\/en\/wp-json\/wp\/v2\/posts"}],"about":[{"href":"https:\/\/gradocau.umh.es\/en\/wp-json\/wp\/v2\/types\/post"}],"author":[{"embeddable":true,"href":"https:\/\/gradocau.umh.es\/en\/wp-json\/wp\/v2\/users\/790"}],"replies":[{"embeddable":true,"href":"https:\/\/gradocau.umh.es\/en\/wp-json\/wp\/v2\/comments?post=2237"}],"version-history":[{"count":0,"href":"https:\/\/gradocau.umh.es\/en\/wp-json\/wp\/v2\/posts\/2237\/revisions"}],"wp:attachment":[{"href":"https:\/\/gradocau.umh.es\/en\/wp-json\/wp\/v2\/media?parent=2237"}],"wp:term":[{"taxonomy":"category","embeddable":true,"href":"https:\/\/gradocau.umh.es\/en\/wp-json\/wp\/v2\/categories?post=2237"},{"taxonomy":"post_tag","embeddable":true,"href":"https:\/\/gradocau.umh.es\/en\/wp-json\/wp\/v2\/tags?post=2237"}],"curies":[{"name":"wp","href":"https:\/\/api.w.org\/{rel}","templated":true}]}}