{"id":2217,"date":"2016-09-15T16:07:40","date_gmt":"2016-09-15T16:07:40","guid":{"rendered":"http:\/\/gradocau.umh.es\/?p=2217"},"modified":"2016-09-15T16:08:42","modified_gmt":"2016-09-15T16:08:42","slug":"alquiler-de-vestuario-estilismo","status":"publish","type":"post","link":"https:\/\/gradocau.umh.es\/en\/2016\/09\/15\/alquiler-de-vestuario-estilismo\/","title":{"rendered":"Alquiler de vestuario &#8211; Estilismo"},"content":{"rendered":"<p><strong>Calabuch Costumes<\/strong> puede aportar a una <strong>Producci\u00f3n Audiovisual<\/strong> para <strong>Cine<\/strong>, <strong>TV<\/strong>,\u00a0<strong>Eventos<\/strong>,\u00a0<strong>Exposiciones<\/strong>&#8230;<\/p>\n<p><a href=\"http:\/\/gradocau.umh.es\/files\/2016\/09\/Calabuig-Costumes.jpg\"><img loading=\"lazy\" class=\"alignnone wp-image-2218\" src=\"http:\/\/gradocau.umh.es\/files\/2016\/09\/Calabuig-Costumes-1024x880.jpg\" alt=\"calabuig-costumes\" width=\"600\" height=\"516\" srcset=\"https:\/\/gradocau.umh.es\/files\/2016\/09\/Calabuig-Costumes-1024x880.jpg 1024w, https:\/\/gradocau.umh.es\/files\/2016\/09\/Calabuig-Costumes-300x258.jpg 300w, https:\/\/gradocau.umh.es\/files\/2016\/09\/Calabuig-Costumes.jpg 1527w\" sizes=\"(max-width: 600px) 100vw, 600px\" \/><\/a><\/p>\n<p><strong>&#8211; Alquiler de Vestuario<\/strong><strong><br \/>\n&#8211; Dise\u00f1o y Confecci\u00f3n de Vestuario<br \/>\n&#8211; Estilismo<br \/>\n&#8211; Servicio de Sastrer\u00eda<br \/>\n&#8211; Servicio de Maquillaje y Caracterizaci\u00f3n<br \/>\n&#8211; Creaciones Tridimensionales<br \/>\n&#8211; Asistencia en Rodajes<\/strong><\/p>\n<p>Contamos con amplios fondos de <strong>Trajes de todas las \u00c9pocas\u00a0<\/strong>pero, adem\u00e1s, nuestro <strong>Taller de Dise\u00f1o y Confecci\u00f3n<\/strong> puede hacer realidad cualquier <strong>Vestuario<\/strong> que precises.<\/p>\n<p>Nuestra especialidad son los<strong> Trajes de \u00c9poca<\/strong>\u00a0y nuestras confecciones guardan siempre una gran <strong>fidelidad a los originales<\/strong>, tanto en su dise\u00f1o\u00a0como en su elaboraci\u00f3n.<\/p>\n<p>Igualmente, dise\u00f1amos y confeccionamos todo tipo de <strong>Vestuario Regional<\/strong>,<strong>Ex\u00f3tico<\/strong> o de <strong>Fantas\u00eda<\/strong>.<\/p>\n<p>Realizamos tambi\u00e9n<strong>\u00a0Tocados, Sombreros, Bolsos, Mochilas, Armas<\/strong>&#8230; Toda la <strong>Utiller\u00eda<\/strong>\u00a0que puedas imaginar para tu <strong>Vestuario<\/strong>, nosotros la hacemos posible.<\/p>\n<p>Y, si lo necesitas, puedes contar con nuestro <strong>Servicio de Asistencia en Rodaje<\/strong>.<br \/>\nEn\u00a0<strong>CALABUCH COSTUMES<\/strong> encontrar\u00e1s trajes y complementos de todas las \u00e9pocas y estilos. Nos dedicamos al alquiler, estilismo y realizaci\u00f3n de vestuario\u00a0para teatro, cine, televisi\u00f3n, publicidad y eventos.<\/p>\n<p>Puedes contar con nosotros si necesitas asistencia en proyectos esc\u00e9nicos,\u00a0asesoramiento y estilismo, confecci\u00f3n de vestuario, servicio de sastrer\u00eda, servicio de maquillaje y caracterizaci\u00f3n, realizaci\u00f3n de mu\u00f1equer\u00eda y de mascotas corporativas&#8230;\u00a0\u00a1Estaremos encantados de atenderte!<\/p>\n<p>SASTRER\u00cdA TEATRAL Y CINEMATOGR\u00c1FICA<br \/>\nALQUILER Y CONFECCI\u00d3N<\/p>\n<p>Nicol\u00e1s Morales, 37 &#8211;\u00a028019 Madrid<br \/>\nTel.: <a href=\"tel:914281036\">914281036<\/a> \/ M\u00f3vil: <a href=\"tel:651%2061%2056%2083\">651 61 56 83<\/a><br \/>\ne-mail: <a href=\"mailto:info@calabuch.es\">info@calabuch.es<\/a><\/p>\n<p><b>Toda la informaci\u00f3n en: \u00a0<\/b><a href=\"http:\/\/calabuch.dyd.es\/newslink\/210725\/6.html\" data-saferedirecturl=\"https:\/\/www.google.com\/url?hl=es&amp;q=http:\/\/calabuch.dyd.es\/newslink\/210725\/6.html&amp;source=gmail&amp;ust=1474039899254000&amp;usg=AFQjCNGtkUB3NV78fV08ZTUkfLOpVCeE8A\"><strong>www.calabuch.es<\/strong><\/a><\/p>\n","protected":false},"excerpt":{"rendered":"<p>Calabuch Costumes puede aportar a una Producci\u00f3n Audiovisual para Cine, TV,\u00a0Eventos,\u00a0Exposiciones&#8230; &#8211; Alquiler de Vestuario &#8211; Dise\u00f1o y Confecci\u00f3n de Vestuario &#8211; Estilismo &#8211; Servicio de Sastrer\u00eda &#8211; Servicio de Maquillaje y Caracterizaci\u00f3n &#8211; Creaciones Tridimensionales &#8211; Asistencia en Rodajes Contamos con amplios fondos de Trajes de todas las \u00c9pocas\u00a0pero, adem\u00e1s, nuestro Taller de Dise\u00f1o [&hellip;]<\/p>\n","protected":false},"author":790,"featured_media":0,"comment_status":"closed","ping_status":"open","sticky":false,"template":"","format":"standard","meta":{"_links_to":"","_links_to_target":""},"categories":[1],"tags":[66],"_links":{"self":[{"href":"https:\/\/gradocau.umh.es\/en\/wp-json\/wp\/v2\/posts\/2217"}],"collection":[{"href":"https:\/\/gradocau.umh.es\/en\/wp-json\/wp\/v2\/posts"}],"about":[{"href":"https:\/\/gradocau.umh.es\/en\/wp-json\/wp\/v2\/types\/post"}],"author":[{"embeddable":true,"href":"https:\/\/gradocau.umh.es\/en\/wp-json\/wp\/v2\/users\/790"}],"replies":[{"embeddable":true,"href":"https:\/\/gradocau.umh.es\/en\/wp-json\/wp\/v2\/comments?post=2217"}],"version-history":[{"count":0,"href":"https:\/\/gradocau.umh.es\/en\/wp-json\/wp\/v2\/posts\/2217\/revisions"}],"wp:attachment":[{"href":"https:\/\/gradocau.umh.es\/en\/wp-json\/wp\/v2\/media?parent=2217"}],"wp:term":[{"taxonomy":"category","embeddable":true,"href":"https:\/\/gradocau.umh.es\/en\/wp-json\/wp\/v2\/categories?post=2217"},{"taxonomy":"post_tag","embeddable":true,"href":"https:\/\/gradocau.umh.es\/en\/wp-json\/wp\/v2\/tags?post=2217"}],"curies":[{"name":"wp","href":"https:\/\/api.w.org\/{rel}","templated":true}]}}